{"id":840,"date":"2018-06-19T12:27:18","date_gmt":"2018-06-19T15:27:18","guid":{"rendered":"https:\/\/www.ufsm.br\/orgaos-executivos\/sai\/2018\/06\/19\/campanha-institucional-busca-conscientizar-estudantes-e-servidores-para-sustentabilidade-da-universidade\/"},"modified":"2023-10-20T09:12:55","modified_gmt":"2023-10-20T12:12:55","slug":"campanha-institucional-busca-conscientizar-estudantes-e-servidores-para-sustentabilidade-da-universidade","status":"publish","type":"post","link":"https:\/\/www.ufsm.br\/orgaos-suplementares\/dri\/2018\/06\/19\/campanha-institucional-busca-conscientizar-estudantes-e-servidores-para-sustentabilidade-da-universidade","title":{"rendered":"Campanha institucional busca conscientizar estudantes e servidores para sustentabilidade da Universidade"},"content":{"rendered":"<div style=\"color: #222222;font-family: arial, sans-serif;font-size: 12.8px;text-align: justify\"><\/div>\n<div style=\"color: #222222;font-family: arial, sans-serif;font-size: 12.8px\"><img fetchpriority=\"high\" decoding=\"async\" class=\" size-full wp-image-839\" style=\"margin-left: auto;margin-right: auto\" src=\"https:\/\/www.ufsm.br\/orgaos-executivos\/sai\/wp-content\/uploads\/sites\/402\/2018\/06\/Banner_site.png\" alt=\"Banner site\" width=\"980\" height=\"258\" srcset=\"https:\/\/www.ufsm.br\/app\/uploads\/sites\/402\/2018\/06\/Banner_site.png 2560w, https:\/\/www.ufsm.br\/app\/uploads\/sites\/402\/2018\/06\/Banner_site-300x79.png 300w, https:\/\/www.ufsm.br\/app\/uploads\/sites\/402\/2018\/06\/Banner_site-768x202.png 768w, https:\/\/www.ufsm.br\/app\/uploads\/sites\/402\/2018\/06\/Banner_site-1024x270.png 1024w\" sizes=\"(max-width: 980px) 100vw, 980px\" \/><\/div>\n<div style=\"color: #222222;font-family: arial, sans-serif;font-size: 12.8px;text-align: justify\"><\/div>\n<div style=\"color: #222222;font-family: arial, sans-serif;font-size: 12.8px;text-align: justify\"><span style=\"font-size: 10pt;font-family: helvetica;color: #000000\">A UFSM lan\u00e7a, neste m\u00eas de junho, a campanha institucional \u201cTransforme o lugar que te transforma\u201d. Iniciativa do projeto Universidade Meio Ambiente (UMA), a campanha \u00e9 composta por materiais gr\u00e1ficos que orientam a comunidade universit\u00e1ria sobre o uso racional dos recursos, chamando a aten\u00e7\u00e3o para a responsabilidade de cada um na sustentabilidade da institui\u00e7\u00e3o.<\/span><span style=\"font-size: 10pt;font-family: helvetica;color: #000000\">A campanha foi elaborada pela Facos Ag\u00eancia e desdobrada por bolsistas de Comunica\u00e7\u00e3o Social e Desenho Industrial do UMA e do Laborat\u00f3rio de Rela\u00e7\u00f5es P\u00fablicas (LARP). Os materiais elaborados trazem dados e orienta\u00e7\u00f5es sobre o consumo de energia, \u00e1gua e copos pl\u00e1sticos, o uso correto do ar condicionado, entre outros temas. As pe\u00e7as ser\u00e3o veiculadas no site institucional da UFSM e do UMA, m\u00eddias sociais e murais das unidades universit\u00e1rias. Os dados da campanha foram obtidos por meio de estudos realizados pelo UMA e pelo Grupo de Efici\u00eancia Energ\u00e9tica e tamb\u00e9m de pesquisa desenvolvida pela Universidade Federal de Lavras (UFLA), de Minas Gerais, institui\u00e7\u00e3o refer\u00eancia em sustentabilidade e preserva\u00e7\u00e3o do meio ambiente na Am\u00e9rica Latina.<\/span><\/p>\n<p><span style=\"font-size: 10pt;font-family: helvetica;color: #000000\">Para a Coordenadora Pedag\u00f3gica do LARP, professora Carlise Rudnicki, a campanha se apresenta como uma importante ferramenta de conscientiza\u00e7\u00e3o e est\u00edmulo ao debate, em que os diversos p\u00fablicos da Universidade atentam a quest\u00f5es de interesse p\u00fablico e passam a fazer parte dos processos de forma mais cr\u00edtica. \u201cTemos pensado em a\u00e7\u00f5es a partir de estat\u00edsticas e informa\u00e7\u00f5es que tangenciam o cotidiano e que demandam contempla\u00e7\u00e3o de todos n\u00f3s. Sabemos da complexidade de entendermos que somos autores dos acontecimentos e que, a partir de cada um de n\u00f3s, estudantes e servidores, ser\u00e1 poss\u00edvel entender os processos e buscar solu\u00e7\u00f5es de forma coletiva\u201d, avalia Carlise.<\/span><\/p>\n<p><span style=\"color: #000000\"><span style=\"font-size: 10pt;font-family: helvetica\">Texto por Poliana Corr\u00eaa, bolsista de Jornalismo do UMA &#8211; Universidade Meio Ambiente<\/span><\/span><\/p>\n<\/div>\n<div style=\"color: #222222;font-family: arial, sans-serif;font-size: 12.8px;text-align: justify\"><span style=\"font-size: 10pt;font-family: helvetica;color: #000000\">Edi\u00e7\u00e3o: N\u00facleo de Comunica\u00e7\u00e3o da SAI\u00a0<\/span><\/div>\n<div style=\"color: #222222;font-family: arial, sans-serif;font-size: 12.8px;text-align: justify\"><\/div>\n<div style=\"color: #222222;font-family: arial, sans-serif;font-size: 12.8px;text-align: justify\"><\/div>\n","protected":false},"excerpt":{"rendered":"<p>A UFSM lan\u00e7a, neste m\u00eas de junho, a campanha institucional \u201cTransforme o lugar que te transforma\u201d. Iniciativa do projeto Universidade Meio Ambiente (UMA), a campanha \u00e9 composta por materiais gr\u00e1ficos que orientam a comunidade universit\u00e1ria sobre o uso racional dos recursos, chamando a aten\u00e7\u00e3o para a responsabilidade de cada um na sustentabilidade da institui\u00e7\u00e3o.A campanha [&hellip;]<\/p>\n","protected":false},"author":8,"featured_media":0,"comment_status":"closed","ping_status":"closed","sticky":false,"template":"","format":"standard","meta":{"footnotes":""},"categories":[1],"tags":[],"class_list":["post-840","post","type-post","status-publish","format-standard","hentry","category-noticias"],"acf":[],"_links":{"self":[{"href":"https:\/\/www.ufsm.br\/orgaos-suplementares\/dri\/wp-json\/wp\/v2\/posts\/840","targetHints":{"allow":["GET"]}}],"collection":[{"href":"https:\/\/www.ufsm.br\/orgaos-suplementares\/dri\/wp-json\/wp\/v2\/posts"}],"about":[{"href":"https:\/\/www.ufsm.br\/orgaos-suplementares\/dri\/wp-json\/wp\/v2\/types\/post"}],"author":[{"embeddable":true,"href":"https:\/\/www.ufsm.br\/orgaos-suplementares\/dri\/wp-json\/wp\/v2\/users\/8"}],"replies":[{"embeddable":true,"href":"https:\/\/www.ufsm.br\/orgaos-suplementares\/dri\/wp-json\/wp\/v2\/comments?post=840"}],"version-history":[{"count":0,"href":"https:\/\/www.ufsm.br\/orgaos-suplementares\/dri\/wp-json\/wp\/v2\/posts\/840\/revisions"}],"wp:attachment":[{"href":"https:\/\/www.ufsm.br\/orgaos-suplementares\/dri\/wp-json\/wp\/v2\/media?parent=840"}],"wp:term":[{"taxonomy":"category","embeddable":true,"href":"https:\/\/www.ufsm.br\/orgaos-suplementares\/dri\/wp-json\/wp\/v2\/categories?post=840"},{"taxonomy":"post_tag","embeddable":true,"href":"https:\/\/www.ufsm.br\/orgaos-suplementares\/dri\/wp-json\/wp\/v2\/tags?post=840"}],"curies":[{"name":"wp","href":"https:\/\/api.w.org\/{rel}","templated":true}]}}