{"id":842,"date":"2018-06-19T19:47:16","date_gmt":"2018-06-19T22:47:16","guid":{"rendered":"https:\/\/www.ufsm.br\/orgaos-executivos\/sai\/2018\/06\/19\/livro-educacao-superior-como-bem-publico-perspectivas-para-o-centenario-da-reforma-de-cordoba\/"},"modified":"2018-06-19T19:47:16","modified_gmt":"2018-06-19T22:47:16","slug":"livro-educacao-superior-como-bem-publico-perspectivas-para-o-centenario-da-reforma-de-cordoba","status":"publish","type":"post","link":"https:\/\/www.ufsm.br\/orgaos-suplementares\/dri\/2018\/06\/19\/livro-educacao-superior-como-bem-publico-perspectivas-para-o-centenario-da-reforma-de-cordoba","title":{"rendered":"Livro &#8220;Educa\u00e7\u00e3o superior como bem p\u00fablico: perspectivas para o centen\u00e1rio da reforma de C\u00f3rdoba&#8221;"},"content":{"rendered":"<p><span style=\"color: #666666; font-size: 16px; font-family: helvetica; text-align: justify;\"><span style=\"color: #666666; font-family: helvetica; font-size: 16px; text-align: justify;\">O Prof. Dr.Marcos Antonio Rodrigues Dias lan&ccedil;ou&nbsp;<\/span>o livro &#8220;Educa&ccedil;&atilde;o superior como bem p&uacute;blico: perspectivas para o centen&aacute;rio da reforma de C&oacute;rdoba&#8221;, organizado pela AUGM com o apoio da UFSM e da UDELAR.<\/span><\/p>\n<p><span style=\"color: #666666; font-size: 16px; font-family: helvetica; text-align: justify;\">Veja&nbsp;<\/span><span style=\"color: #ff0000;\"><a href=\"https:\/\/www.ufsm.br\/orgaos-executivos\/sai\/wp-content\/uploads\/sites\/402\/2018\/06\/Educacao_Superior_como_Bem_Publico_PDF_interativo-1.pdf\" target=\"_blank\" style=\"background-image: initial; background-position: 0px 0px; background-repeat: initial; background-attachment: initial; color: #ff0000; font-size: 16px; font-family: helvetica; text-align: justify;\">aqui<\/a>&nbsp;<span style=\"color: #666666; font-family: helvetica; font-size: 16px; text-align: justify;\">o livro.<\/span><\/span><\/p>\n","protected":false},"excerpt":{"rendered":"<p>O Prof. Dr.Marcos Antonio Rodrigues Dias lan&ccedil;ou&nbsp;o livro &#8220;Educa&ccedil;&atilde;o superior como bem p&uacute;blico: perspectivas para o centen&aacute;rio da reforma de C&oacute;rdoba&#8221;, organizado pela AUGM com o apoio da UFSM e da UDELAR. Veja&nbsp;aqui&nbsp;o livro.<\/p>\n","protected":false},"author":8,"featured_media":0,"comment_status":"closed","ping_status":"closed","sticky":false,"template":"","format":"standard","meta":{"footnotes":""},"categories":[1],"tags":[],"class_list":["post-842","post","type-post","status-publish","format-standard","hentry","category-noticias"],"acf":[],"_links":{"self":[{"href":"https:\/\/www.ufsm.br\/orgaos-suplementares\/dri\/wp-json\/wp\/v2\/posts\/842","targetHints":{"allow":["GET"]}}],"collection":[{"href":"https:\/\/www.ufsm.br\/orgaos-suplementares\/dri\/wp-json\/wp\/v2\/posts"}],"about":[{"href":"https:\/\/www.ufsm.br\/orgaos-suplementares\/dri\/wp-json\/wp\/v2\/types\/post"}],"author":[{"embeddable":true,"href":"https:\/\/www.ufsm.br\/orgaos-suplementares\/dri\/wp-json\/wp\/v2\/users\/8"}],"replies":[{"embeddable":true,"href":"https:\/\/www.ufsm.br\/orgaos-suplementares\/dri\/wp-json\/wp\/v2\/comments?post=842"}],"version-history":[{"count":0,"href":"https:\/\/www.ufsm.br\/orgaos-suplementares\/dri\/wp-json\/wp\/v2\/posts\/842\/revisions"}],"wp:attachment":[{"href":"https:\/\/www.ufsm.br\/orgaos-suplementares\/dri\/wp-json\/wp\/v2\/media?parent=842"}],"wp:term":[{"taxonomy":"category","embeddable":true,"href":"https:\/\/www.ufsm.br\/orgaos-suplementares\/dri\/wp-json\/wp\/v2\/categories?post=842"},{"taxonomy":"post_tag","embeddable":true,"href":"https:\/\/www.ufsm.br\/orgaos-suplementares\/dri\/wp-json\/wp\/v2\/tags?post=842"}],"curies":[{"name":"wp","href":"https:\/\/api.w.org\/{rel}","templated":true}]}}