{"id":857,"date":"2018-07-09T17:31:09","date_gmt":"2018-07-09T20:31:09","guid":{"rendered":"https:\/\/www.ufsm.br\/orgaos-executivos\/sai\/2018\/07\/09\/abertas-as-inscricoes-para-o-programa-de-estudantes-convenio-de-pos-graduacao-pec-pg\/"},"modified":"2018-07-09T17:31:09","modified_gmt":"2018-07-09T20:31:09","slug":"abertas-as-inscricoes-para-o-programa-de-estudantes-convenio-de-pos-graduacao-pec-pg","status":"publish","type":"post","link":"https:\/\/www.ufsm.br\/orgaos-suplementares\/dri\/2018\/07\/09\/abertas-as-inscricoes-para-o-programa-de-estudantes-convenio-de-pos-graduacao-pec-pg","title":{"rendered":"Abertas as inscri\u00e7\u00f5es para o Programa de Estudantes &#8211; Conv\u00eanio de P\u00f3s-gradua\u00e7\u00e3o- PEC-PG"},"content":{"rendered":"<p style=\"text-align: justify;\"><span style=\"font-family: arial, helvetica, sans-serif; font-size: 10pt;\">Informamos que est&aacute; aberto o Edital n&ordm; 25\/2018 da Capes referente ao PROGRAMA DE ESTUDANTES-CONV&Ecirc;NIO DE P&Oacute;S-GRADUA&Ccedil;&Atilde;O &#8211; PEC-PG.&nbsp;O Programa, tem como objetivo a forma&ccedil;&atilde;o de recursos humanos de pa&iacute;ses em desenvolvimento, com os quais o&nbsp;Brasil mant&eacute;m Acordo de Coopera&ccedil;&atilde;o Educacional, Cultural ou de Ci&ecirc;ncia e Tecnologia, para que possam realizar doutorado pleno em Institui&ccedil;&otilde;es de&nbsp;Ensino Superior &ndash; IES brasileiras.<\/span><\/p>\n<p style=\"text-align: justify;\"><span style=\"font-family: arial, helvetica, sans-serif; font-size: 10pt;\">Confira o Edital no&nbsp;<a href=\"https:\/\/www.ufsm.br\/orgaos-executivos\/sai\/wp-content\/uploads\/sites\/402\/2018\/07\/26062018-Edital-25-2018.pdf\">link<\/a>.<br \/><\/span><\/p>\n<p style=\"text-align: justify;\">&nbsp;<\/p>\n","protected":false},"excerpt":{"rendered":"<p>Informamos que est&aacute; aberto o Edital n&ordm; 25\/2018 da Capes referente ao PROGRAMA DE ESTUDANTES-CONV&Ecirc;NIO DE P&Oacute;S-GRADUA&Ccedil;&Atilde;O &#8211; PEC-PG.&nbsp;O Programa, tem como objetivo a forma&ccedil;&atilde;o de recursos humanos de pa&iacute;ses em desenvolvimento, com os quais o&nbsp;Brasil mant&eacute;m Acordo de Coopera&ccedil;&atilde;o Educacional, Cultural ou de Ci&ecirc;ncia e Tecnologia, para que possam realizar doutorado pleno em Institui&ccedil;&otilde;es [&hellip;]<\/p>\n","protected":false},"author":8,"featured_media":0,"comment_status":"closed","ping_status":"closed","sticky":false,"template":"","format":"standard","meta":{"footnotes":""},"categories":[1],"tags":[],"class_list":["post-857","post","type-post","status-publish","format-standard","hentry","category-noticias"],"acf":[],"_links":{"self":[{"href":"https:\/\/www.ufsm.br\/orgaos-suplementares\/dri\/wp-json\/wp\/v2\/posts\/857","targetHints":{"allow":["GET"]}}],"collection":[{"href":"https:\/\/www.ufsm.br\/orgaos-suplementares\/dri\/wp-json\/wp\/v2\/posts"}],"about":[{"href":"https:\/\/www.ufsm.br\/orgaos-suplementares\/dri\/wp-json\/wp\/v2\/types\/post"}],"author":[{"embeddable":true,"href":"https:\/\/www.ufsm.br\/orgaos-suplementares\/dri\/wp-json\/wp\/v2\/users\/8"}],"replies":[{"embeddable":true,"href":"https:\/\/www.ufsm.br\/orgaos-suplementares\/dri\/wp-json\/wp\/v2\/comments?post=857"}],"version-history":[{"count":0,"href":"https:\/\/www.ufsm.br\/orgaos-suplementares\/dri\/wp-json\/wp\/v2\/posts\/857\/revisions"}],"wp:attachment":[{"href":"https:\/\/www.ufsm.br\/orgaos-suplementares\/dri\/wp-json\/wp\/v2\/media?parent=857"}],"wp:term":[{"taxonomy":"category","embeddable":true,"href":"https:\/\/www.ufsm.br\/orgaos-suplementares\/dri\/wp-json\/wp\/v2\/categories?post=857"},{"taxonomy":"post_tag","embeddable":true,"href":"https:\/\/www.ufsm.br\/orgaos-suplementares\/dri\/wp-json\/wp\/v2\/tags?post=857"}],"curies":[{"name":"wp","href":"https:\/\/api.w.org\/{rel}","templated":true}]}}