{"id":362,"date":"2012-08-08T11:33:02","date_gmt":"2012-08-08T14:33:02","guid":{"rendered":"https:\/\/www.ufsm.br\/orgaos-suplementares\/cpd\/?p=362"},"modified":"2018-10-18T18:25:17","modified_gmt":"2018-10-18T21:25:17","slug":"planejamento-estrategico-visao-conceitos-e-definicoes","status":"publish","type":"post","link":"https:\/\/www.ufsm.br\/orgaos-suplementares\/dti\/2012\/08\/08\/planejamento-estrategico-visao-conceitos-e-definicoes","title":{"rendered":"Planejamento Estrat\u00e9gico &#8211; Vis\u00e3o &#8211; Conceitos e defini\u00e7\u00f5es"},"content":{"rendered":"<p>Em continuidade a promover o interesse e o envolvimento de todos nas defini\u00e7\u00f5es e na elabora\u00e7\u00e3o do planejamento estrat\u00e9gico da unidade de TI da UFSM vamos apresentar os conceitos de vis\u00e3o dentro de contexto do planejamento estrat\u00e9gico a partir do material de apoio disponibilizado pela PROPLAN.<\/p>\n<p>A vis\u00e3o deve responder a pergunta:\u00a0<strong><em>Qaul \u00e9 o nosso sonho?<\/em><\/strong>\u00a0e ainda:\u00a0<strong><em>Onde queremos chegar no futuro?<\/em><\/strong><\/p>\n<p>Na sua defini\u00e7\u00e3o deveremos nos preocupar em que estado pretendemos que seja alcan\u00e7ado no futuro pela nossa unidade.<\/p>\n<p>Esta defini\u00e7\u00e3o pode ser visto como um &#8220;<strong><em>sonho<\/em><\/strong>&#8221; que queremos para a nossa unidade ou como a motiva\u00e7\u00e3o de um &#8220;<strong><em>desafio estrat\u00e9gico<\/em><\/strong>&#8220;.<\/p>\n<p>&nbsp;<\/p>\n<p>Para definir a vis\u00e3o do CPD precisamos levar em considera\u00e7\u00e3o a vis\u00e3o definida para a UFSM.<\/p>\n<p>A vis\u00e3o da UFSM \u00e9:<\/p>\n<p><strong><em>&#8220;Ser reconhecida como uma institui\u00e7\u00e3o de excel\u00eancia na constru\u00e7\u00e3o e difus\u00e3o do conhecimento, comprometida com o desenvolvimento da sociedade, de modo inovador e sustent\u00e1vel&#8221;<\/em><\/strong>.<\/p>\n<p>&nbsp;<\/p>\n<p>Participe, discuta com os colegas e vamos avan\u00e7ar na constru\u00e7\u00e3o do Planejamento Estrat\u00e9gico do CPD.<\/p>\n<p>&nbsp;<\/p>\n<p><em>Divulga\u00e7\u00e3o CPD<\/em><\/p>\n","protected":false},"excerpt":{"rendered":"<p>Em continuidade a promover o interesse e o envolvimento de todos nas defini\u00e7\u00f5es e na elabora\u00e7\u00e3o do planejamento estrat\u00e9gico da unidade de TI da UFSM vamos apresentar os conceitos de vis\u00e3o dentro de contexto do planejamento estrat\u00e9gico a partir do material de apoio disponibilizado pela PROPLAN. A vis\u00e3o deve responder a pergunta:\u00a0Qaul \u00e9 o nosso [&hellip;]<\/p>\n","protected":false},"author":46,"featured_media":0,"comment_status":"closed","ping_status":"closed","sticky":false,"template":"","format":"standard","meta":{"footnotes":""},"categories":[1],"tags":[],"class_list":["post-362","post","type-post","status-publish","format-standard","hentry","category-geral"],"acf":[],"_links":{"self":[{"href":"https:\/\/www.ufsm.br\/orgaos-suplementares\/dti\/wp-json\/wp\/v2\/posts\/362","targetHints":{"allow":["GET"]}}],"collection":[{"href":"https:\/\/www.ufsm.br\/orgaos-suplementares\/dti\/wp-json\/wp\/v2\/posts"}],"about":[{"href":"https:\/\/www.ufsm.br\/orgaos-suplementares\/dti\/wp-json\/wp\/v2\/types\/post"}],"author":[{"embeddable":true,"href":"https:\/\/www.ufsm.br\/orgaos-suplementares\/dti\/wp-json\/wp\/v2\/users\/46"}],"replies":[{"embeddable":true,"href":"https:\/\/www.ufsm.br\/orgaos-suplementares\/dti\/wp-json\/wp\/v2\/comments?post=362"}],"version-history":[{"count":0,"href":"https:\/\/www.ufsm.br\/orgaos-suplementares\/dti\/wp-json\/wp\/v2\/posts\/362\/revisions"}],"wp:attachment":[{"href":"https:\/\/www.ufsm.br\/orgaos-suplementares\/dti\/wp-json\/wp\/v2\/media?parent=362"}],"wp:term":[{"taxonomy":"category","embeddable":true,"href":"https:\/\/www.ufsm.br\/orgaos-suplementares\/dti\/wp-json\/wp\/v2\/categories?post=362"},{"taxonomy":"post_tag","embeddable":true,"href":"https:\/\/www.ufsm.br\/orgaos-suplementares\/dti\/wp-json\/wp\/v2\/tags?post=362"}],"curies":[{"name":"wp","href":"https:\/\/api.w.org\/{rel}","templated":true}]}}