{"id":3623,"date":"2026-09-03T16:51:56","date_gmt":"2026-09-03T19:51:56","guid":{"rendered":"https:\/\/www.ufsm.br\/orgaos-suplementares\/dti\/?p=3623"},"modified":"2026-09-04T09:01:16","modified_gmt":"2026-09-04T12:01:16","slug":"dti-tera-uma-manutencao-preventiva-dia-07-09-2026","status":"publish","type":"post","link":"https:\/\/www.ufsm.br\/orgaos-suplementares\/dti\/2026\/09\/03\/dti-tera-uma-manutencao-preventiva-dia-07-09-2026","title":{"rendered":"DTI realizar\u00e1 manuten\u00e7\u00e3o preventiva dia 07\/09\/2026"},"content":{"rendered":"\t\t<div data-elementor-type=\"wp-post\" data-elementor-id=\"3623\" class=\"elementor elementor-3623\">\n\t\t\t\t\t\t<section class=\"elementor-section elementor-top-section elementor-element elementor-element-6b7692e elementor-section-boxed elementor-section-height-default elementor-section-height-default\" data-id=\"6b7692e\" data-element_type=\"section\">\n\t\t\t\t\t\t<div class=\"elementor-container elementor-column-gap-default\">\n\t\t\t\t\t<div class=\"elementor-column elementor-col-100 elementor-top-column elementor-element elementor-element-6504843\" data-id=\"6504843\" data-element_type=\"column\">\n\t\t\t<div class=\"elementor-widget-wrap elementor-element-populated\">\n\t\t\t\t\t\t<div class=\"elementor-element elementor-element-e69d2e8 elementor-widget elementor-widget-text-editor\" data-id=\"e69d2e8\" data-element_type=\"widget\" data-widget_type=\"text-editor.default\">\n\t\t\t\t<div class=\"elementor-widget-container\">\n\t\t\t\t\t\t\t<p>Informamos que no dia <strong>07\/09\/2026<\/strong>, a partir das 13 horas ser\u00e1 realizada uma manuten\u00e7\u00e3o preventiva no banco de dados da UFSM, com dura\u00e7\u00e3o estimada de 2 horas. Essa interven\u00e7\u00e3o \u00e9 necess\u00e1ria para garantir a seguran\u00e7a, estabilidade e melhoria de desempenho do sistemas da institui\u00e7\u00e3o.<br \/>Durante este per\u00edodo, alguns servi\u00e7os como: SIE, Moodle, portais e sites institucionais poder\u00e3o apresentar instabilidade ou indisponibilidade.<br \/>O acesso \u00e0 Internet n\u00e3o ser\u00e1 afetado durante a manuten\u00e7\u00e3o preventiva.<br \/>Contamos com a compreens\u00e3o de todos e nos colocamos \u00e0 disposi\u00e7\u00e3o para solu\u00e7\u00e3o de eventuais d\u00favidas atrav\u00e9s do suporte t\u00e9cnico no <strong>ramal 208020 ou e-mail dti@ufsm.br<\/strong><\/p>\t\t\t\t\t\t<\/div>\n\t\t\t\t<\/div>\n\t\t\t\t\t<\/div>\n\t\t<\/div>\n\t\t\t\t\t<\/div>\n\t\t<\/section>\n\t\t\t\t<\/div>\n\t\t","protected":false},"excerpt":{"rendered":"<p>Informamos que no dia 07\/09\/2026, a partir das 13 horas ser\u00e1 realizada uma manuten\u00e7\u00e3o preventiva no banco de dados da UFSM, com dura\u00e7\u00e3o estimada de 2 horas. Essa interven\u00e7\u00e3o \u00e9 necess\u00e1ria para garantir a seguran\u00e7a, estabilidade e melhoria de desempenho do sistemas da institui\u00e7\u00e3o.Durante este per\u00edodo, alguns servi\u00e7os como: SIE, Moodle, portais e sites institucionais [&hellip;]<\/p>\n","protected":false},"author":8842,"featured_media":0,"comment_status":"closed","ping_status":"closed","sticky":false,"template":"","format":"standard","meta":{"footnotes":""},"categories":[1],"tags":[],"class_list":["post-3623","post","type-post","status-publish","format-standard","hentry","category-geral"],"acf":[],"_links":{"self":[{"href":"https:\/\/www.ufsm.br\/orgaos-suplementares\/dti\/wp-json\/wp\/v2\/posts\/3623","targetHints":{"allow":["GET"]}}],"collection":[{"href":"https:\/\/www.ufsm.br\/orgaos-suplementares\/dti\/wp-json\/wp\/v2\/posts"}],"about":[{"href":"https:\/\/www.ufsm.br\/orgaos-suplementares\/dti\/wp-json\/wp\/v2\/types\/post"}],"author":[{"embeddable":true,"href":"https:\/\/www.ufsm.br\/orgaos-suplementares\/dti\/wp-json\/wp\/v2\/users\/8842"}],"replies":[{"embeddable":true,"href":"https:\/\/www.ufsm.br\/orgaos-suplementares\/dti\/wp-json\/wp\/v2\/comments?post=3623"}],"version-history":[{"count":0,"href":"https:\/\/www.ufsm.br\/orgaos-suplementares\/dti\/wp-json\/wp\/v2\/posts\/3623\/revisions"}],"wp:attachment":[{"href":"https:\/\/www.ufsm.br\/orgaos-suplementares\/dti\/wp-json\/wp\/v2\/media?parent=3623"}],"wp:term":[{"taxonomy":"category","embeddable":true,"href":"https:\/\/www.ufsm.br\/orgaos-suplementares\/dti\/wp-json\/wp\/v2\/categories?post=3623"},{"taxonomy":"post_tag","embeddable":true,"href":"https:\/\/www.ufsm.br\/orgaos-suplementares\/dti\/wp-json\/wp\/v2\/tags?post=3623"}],"curies":[{"name":"wp","href":"https:\/\/api.w.org\/{rel}","templated":true}]}}