{"id":282,"date":"2023-04-13T14:03:25","date_gmt":"2023-04-13T17:03:25","guid":{"rendered":"https:\/\/www.ufsm.br\/orgaos-suplementares\/hvu\/?p=282"},"modified":"2023-04-13T14:05:03","modified_gmt":"2023-04-13T17:05:03","slug":"a-comissao-de-consulta-eleitoral-divulga-nominata-da-chapa-inscrita-para-direcao-do-hvu","status":"publish","type":"post","link":"https:\/\/www.ufsm.br\/orgaos-suplementares\/hvu\/2023\/04\/13\/a-comissao-de-consulta-eleitoral-divulga-nominata-da-chapa-inscrita-para-direcao-do-hvu","title":{"rendered":"A Comiss\u00e3o de Consulta Eleitoral divulga nominata da chapa inscrita para Ger\u00eancia do HVU"},"content":{"rendered":"\n<p>A Comiss\u00e3o de Consulta Eleitoral (Portaria de Pessoal CCR\/UFSM n.049\/2023) torna p\u00fablica a chapa \u00fanica inscrita no Processo de Consulta \u00e0 Comunidade do Hospital Veterin\u00e1rio Universit\u00e1rio (HVU) do Centro de Ci\u00eancias Rurais (CCR), com vista \u00e0 escolha do (a) GERENTE e GERENTE SUBSTITUTO(A) do HVU, para o per\u00edodo 2023 a 2025.<\/p>\n<p><a href=\"https:\/\/www.ufsm.br\/app\/uploads\/sites\/370\/2023\/04\/Nominata-dos-candidatos-Inscritos-A-Gerencia-HVU.pdf\"><strong>Para visualizar o documento clique aqui.<\/strong><\/a><\/p>\n","protected":false},"excerpt":{"rendered":"<p>A Comiss\u00e3o de Consulta Eleitoral (Portaria de Pessoal CCR\/UFSM n.049\/2023) torna p\u00fablica a chapa \u00fanica inscrita no Processo de Consulta \u00e0 Comunidade do Hospital Veterin\u00e1rio Universit\u00e1rio (HVU) do Centro de Ci\u00eancias Rurais (CCR), com vista \u00e0 escolha do (a) GERENTE e GERENTE SUBSTITUTO(A) do HVU, para o per\u00edodo 2023 a 2025. Para visualizar o documento [&hellip;]<\/p>\n","protected":false},"author":260,"featured_media":0,"comment_status":"closed","ping_status":"closed","sticky":false,"template":"","format":"standard","meta":{"footnotes":""},"categories":[1],"tags":[27,28,23],"class_list":["post-282","post","type-post","status-publish","format-standard","hentry","category-noticias","tag-consulta","tag-gerencia","tag-hvu"],"acf":[],"_links":{"self":[{"href":"https:\/\/www.ufsm.br\/orgaos-suplementares\/hvu\/wp-json\/wp\/v2\/posts\/282","targetHints":{"allow":["GET"]}}],"collection":[{"href":"https:\/\/www.ufsm.br\/orgaos-suplementares\/hvu\/wp-json\/wp\/v2\/posts"}],"about":[{"href":"https:\/\/www.ufsm.br\/orgaos-suplementares\/hvu\/wp-json\/wp\/v2\/types\/post"}],"author":[{"embeddable":true,"href":"https:\/\/www.ufsm.br\/orgaos-suplementares\/hvu\/wp-json\/wp\/v2\/users\/260"}],"replies":[{"embeddable":true,"href":"https:\/\/www.ufsm.br\/orgaos-suplementares\/hvu\/wp-json\/wp\/v2\/comments?post=282"}],"version-history":[{"count":0,"href":"https:\/\/www.ufsm.br\/orgaos-suplementares\/hvu\/wp-json\/wp\/v2\/posts\/282\/revisions"}],"wp:attachment":[{"href":"https:\/\/www.ufsm.br\/orgaos-suplementares\/hvu\/wp-json\/wp\/v2\/media?parent=282"}],"wp:term":[{"taxonomy":"category","embeddable":true,"href":"https:\/\/www.ufsm.br\/orgaos-suplementares\/hvu\/wp-json\/wp\/v2\/categories?post=282"},{"taxonomy":"post_tag","embeddable":true,"href":"https:\/\/www.ufsm.br\/orgaos-suplementares\/hvu\/wp-json\/wp\/v2\/tags?post=282"}],"curies":[{"name":"wp","href":"https:\/\/api.w.org\/{rel}","templated":true}]}}