{"id":433,"date":"2026-09-04T13:24:38","date_gmt":"2026-09-04T16:24:38","guid":{"rendered":"https:\/\/www.ufsm.br\/orgaos-suplementares\/hvu\/?p=433"},"modified":"2026-09-04T13:24:40","modified_gmt":"2026-09-04T16:24:40","slug":"hvu-interrompe-atividades-temporariamente-para-desinfeccao-das-dependencias-2","status":"publish","type":"post","link":"https:\/\/www.ufsm.br\/orgaos-suplementares\/hvu\/2026\/09\/04\/hvu-interrompe-atividades-temporariamente-para-desinfeccao-das-dependencias-2","title":{"rendered":"HVU interrompe atividades temporariamente para desinfec\u00e7\u00e3o das depend\u00eancias"},"content":{"rendered":"\n<div>\n<p>O Hospital Veterin\u00e1rio Universit\u00e1rio (HVU) informa que n\u00e3o haver\u00e1 atendimentos entre os dias 05 e 07 de setembro de 2026, em raz\u00e3o do feriado de Independ\u00eancia do Brasil e da realiza\u00e7\u00e3o de desinfec\u00e7\u00e3o das depend\u00eancias.<br \/><br \/>A interna\u00e7\u00e3o de pequenos animais n\u00e3o funcionar\u00e1 no per\u00edodo de 05 e 07 de setembro de 2026.<br \/><br \/>As atividades ser\u00e3o retomadas normalmente no dia 08 de setembro de 2026.<br \/><br \/>Essa medida \u00e9 fundamental para garantir a biosseguran\u00e7a e a qualidade dos atendimentos prestados.<\/p>\n<\/div>\n<div>\n<p>\u00a0<\/p>\n<\/div>\n\n\n","protected":false},"excerpt":{"rendered":"<p>O Hospital Veterin\u00e1rio Universit\u00e1rio (HVU) informa que n\u00e3o haver\u00e1 atendimentos entre os dias 05 e 07 de setembro de 2026, em raz\u00e3o do feriado de Independ\u00eancia do Brasil e da realiza\u00e7\u00e3o de desinfec\u00e7\u00e3o das depend\u00eancias. A interna\u00e7\u00e3o de pequenos animais n\u00e3o funcionar\u00e1 no per\u00edodo de 05 e 07 de setembro de 2026. As atividades ser\u00e3o [&hellip;]<\/p>\n","protected":false},"author":9098,"featured_media":0,"comment_status":"closed","ping_status":"closed","sticky":false,"template":"","format":"standard","meta":{"footnotes":""},"categories":[1],"tags":[],"class_list":["post-433","post","type-post","status-publish","format-standard","hentry","category-noticias"],"acf":[],"_links":{"self":[{"href":"https:\/\/www.ufsm.br\/orgaos-suplementares\/hvu\/wp-json\/wp\/v2\/posts\/433","targetHints":{"allow":["GET"]}}],"collection":[{"href":"https:\/\/www.ufsm.br\/orgaos-suplementares\/hvu\/wp-json\/wp\/v2\/posts"}],"about":[{"href":"https:\/\/www.ufsm.br\/orgaos-suplementares\/hvu\/wp-json\/wp\/v2\/types\/post"}],"author":[{"embeddable":true,"href":"https:\/\/www.ufsm.br\/orgaos-suplementares\/hvu\/wp-json\/wp\/v2\/users\/9098"}],"replies":[{"embeddable":true,"href":"https:\/\/www.ufsm.br\/orgaos-suplementares\/hvu\/wp-json\/wp\/v2\/comments?post=433"}],"version-history":[{"count":0,"href":"https:\/\/www.ufsm.br\/orgaos-suplementares\/hvu\/wp-json\/wp\/v2\/posts\/433\/revisions"}],"wp:attachment":[{"href":"https:\/\/www.ufsm.br\/orgaos-suplementares\/hvu\/wp-json\/wp\/v2\/media?parent=433"}],"wp:term":[{"taxonomy":"category","embeddable":true,"href":"https:\/\/www.ufsm.br\/orgaos-suplementares\/hvu\/wp-json\/wp\/v2\/categories?post=433"},{"taxonomy":"post_tag","embeddable":true,"href":"https:\/\/www.ufsm.br\/orgaos-suplementares\/hvu\/wp-json\/wp\/v2\/tags?post=433"}],"curies":[{"name":"wp","href":"https:\/\/api.w.org\/{rel}","templated":true}]}}