{"id":810,"date":"2026-09-05T09:57:20","date_gmt":"2026-09-05T12:57:20","guid":{"rendered":"https:\/\/www.ufsm.br\/orgaos-suplementares\/orquestra-sinfonica\/?p=810"},"modified":"2026-09-05T09:58:03","modified_gmt":"2026-09-05T12:58:03","slug":"orquestra-sinfonica-de-santa-maria-e-os-grandes-classicos-do-rock","status":"publish","type":"post","link":"https:\/\/www.ufsm.br\/orgaos-suplementares\/orquestra-sinfonica\/2026\/09\/05\/orquestra-sinfonica-de-santa-maria-e-os-grandes-classicos-do-rock","title":{"rendered":"Orquestra Sinf\u00f4nica de Santa Maria e os Grandes Cl\u00e1ssicos do Rock"},"content":{"rendered":"\n<figure class=\"wp-block-image size-large\"><img fetchpriority=\"high\" decoding=\"async\" width=\"1024\" height=\"379\" src=\"https:\/\/www.ufsm.br\/app\/uploads\/sites\/599\/2026\/09\/Banner-site-Os-Grandes-Classico-do-Rock-1080-x-400-mm-1080-x-400-mm-4_page-0001-1024x379.jpg\" alt=\"\" class=\"wp-image-811\" srcset=\"https:\/\/www.ufsm.br\/app\/uploads\/sites\/599\/2026\/09\/Banner-site-Os-Grandes-Classico-do-Rock-1080-x-400-mm-1080-x-400-mm-4_page-0001-1024x379.jpg 1024w, https:\/\/www.ufsm.br\/app\/uploads\/sites\/599\/2026\/09\/Banner-site-Os-Grandes-Classico-do-Rock-1080-x-400-mm-1080-x-400-mm-4_page-0001-300x111.jpg 300w, https:\/\/www.ufsm.br\/app\/uploads\/sites\/599\/2026\/09\/Banner-site-Os-Grandes-Classico-do-Rock-1080-x-400-mm-1080-x-400-mm-4_page-0001-768x284.jpg 768w, https:\/\/www.ufsm.br\/app\/uploads\/sites\/599\/2026\/09\/Banner-site-Os-Grandes-Classico-do-Rock-1080-x-400-mm-1080-x-400-mm-4_page-0001-1536x569.jpg 1536w, https:\/\/www.ufsm.br\/app\/uploads\/sites\/599\/2026\/09\/Banner-site-Os-Grandes-Classico-do-Rock-1080-x-400-mm-1080-x-400-mm-4_page-0001-2048x758.jpg 2048w\" sizes=\"(max-width: 1024px) 100vw, 1024px\" \/><\/figure>\n\n\n\n<p align=\"center\"><span style=\"font-size: medium\"><b>Orquestra Sinf\u00f4nica de Santa Maria e os Grandes Cl\u00e1ssicos do Rock<\/b><\/span><br \/><i>Um dos concertos mais envolventes da temporada 2026 ter\u00e1 nova edi\u00e7\u00e3o em setembro<\/i><\/p>\n<p align=\"justify\">Produzido e apresentado em 26 de junho, <b>Os Grandes Cl\u00e1ssicos do Rock <\/b>teve seus ingressos esgotados em poucas horas e emocionou o p\u00fablico com grandes sucessos do rock nacional e internacional protagonizados pela Orquestra Sinf\u00f4nica de Santa Maria, Banda Rocksane e grandes cantores.<\/p>\n<p align=\"justify\">Reeditando um espet\u00e1culo emocionante desta temporada, <b>no dia 10 de setembro, Os Grandes Cl\u00e1ssicos do Rock retornam ao palco do Centro de Conven\u00e7\u00f5es<\/b> prometendo encantar novamente o p\u00fablico pela escolha das 12 can\u00e7\u00f5es emblem\u00e1ticas apresentadas nas vozes talentosas de <b>Daiane Diniz, Juliana Pires, Matheus Lopes e Zuli<\/b>.<\/p>\n<p align=\"justify\">\u201cA apresenta\u00e7\u00e3o trar\u00e1 um encontro entre dois universos musicais capazes de emocionar multid\u00f5es: a for\u00e7a e a energia do rock e a riqueza sonora da m\u00fasica sinf\u00f4nica. Em arranjos especialmente criados para orquestra, can\u00e7\u00f5es que marcaram \u00e9poca ganharam novos contornos e revelam toda a sua pot\u00eancia mel\u00f3dica e expressiva. Esperamos que o p\u00fablico aprecie e participe com entusiasmo, como foi da primeira vez\u201d, salienta o Maestro Cl\u00e1udio Ant\u00f3nio Esteves, regente e diretor art\u00edstico da OSSM.<\/p>\n<p align=\"justify\">O repert\u00f3rio percorre algumas das p\u00e1ginas mais marcantes da hist\u00f3ria do rock internacional, com sucessos de Rolling Stones, Elvis Presley, Queen, Beatles, AC\/DC, Guns N\u2019 Roses, Van Halen e Survivor. O rock brasileiro ter\u00e1 sua hist\u00f3ria representada pela express\u00e3o dos grandes artistas que ajudaram a construir a identidade do rock nacional, como Raul Seixas, Rita Lee, Legi\u00e3o Urbana e Bar\u00e3o Vermelho. Mais do que revisitar grandes sucessos, o concerto convida o p\u00fablico a redescobrir e participar das m\u00fasicas que atravessam gera\u00e7\u00f5es e permanecem vivas na mem\u00f3ria afetiva de milh\u00f5es de pessoas. A uni\u00e3o entre o rock e a forma\u00e7\u00e3o sinf\u00f4nica amplia as possibilidades de escuta e evidencia a capacidade da m\u00fasica de se reinventar, conectar diferentes p\u00fablicos e criar experi\u00eancias compartilhadas.<\/p>\n<p align=\"justify\">O espet\u00e1culo \u00e9 uma realiza\u00e7\u00e3o da <b>Associa\u00e7\u00e3o Cultural Orquestra Sinf\u00f4nica de Santa Maria<\/b> e conta com <b>financiamento da Lei de Incentivo \u00e0 Cultura de Santa Maria, atrav\u00e9s do incentivo cultural da Funda\u00e7\u00e3o Eny e diversos contribuintes doadores de ITBVI<\/b>, tem o patroc\u00ednio da <b>Apusm<\/b><b> <\/b><b>e Grupo Felice<\/b>, promo\u00e7\u00e3o da <b>Orquestra Sinf\u00f4nica de Santa Maria e Pr\u00f3 Reitoria de Extens\u00e3o UFSM<\/b> e produ\u00e7\u00e3o cultural da <b>Plano Comunica\u00e7\u00e3o e Eventos<\/b>.<\/p>\n<p><b>Servi\u00e7o <\/b><br \/><b>Os Grandes Cl\u00e1ssicos do Rock<\/b> <br \/>Data: <b>10 de setembro de 2026 (quinta-feira)<\/b> <br \/>Hor\u00e1rio: 20h <br \/>Local: Centro de Conven\u00e7\u00f5es UFSM <br \/><br \/><\/p>\n<p>Ingressos online pela plataforma: <a href=\"https:\/\/www.antecipei.com.br\/classico-do-rock\">https:\/\/www.antecipei.com.br\/classico-do-rock<\/a><\/p>\n<p>Ingressos f\u00edsicos na R\u00f3tula Papelaria<br \/><b>Investimento: R$ 60,00 (inteira) &#8211; R$ 30,00 (meia entrada)<\/b><\/p>\n","protected":false},"excerpt":{"rendered":"<p>Orquestra Sinf\u00f4nica de Santa Maria e os Grandes Cl\u00e1ssicos do RockUm dos concertos mais envolventes da temporada 2026 ter\u00e1 nova edi\u00e7\u00e3o em setembro Produzido e apresentado em 26 de junho, Os Grandes Cl\u00e1ssicos do Rock teve seus ingressos esgotados em poucas horas e emocionou o p\u00fablico com grandes sucessos do rock nacional e internacional protagonizados [&hellip;]<\/p>\n","protected":false},"author":6792,"featured_media":0,"comment_status":"closed","ping_status":"closed","sticky":false,"template":"","format":"standard","meta":{"footnotes":""},"categories":[6,7],"tags":[],"class_list":["post-810","post","type-post","status-publish","format-standard","hentry","category-banner","category-noticias"],"acf":[],"_links":{"self":[{"href":"https:\/\/www.ufsm.br\/orgaos-suplementares\/orquestra-sinfonica\/wp-json\/wp\/v2\/posts\/810","targetHints":{"allow":["GET"]}}],"collection":[{"href":"https:\/\/www.ufsm.br\/orgaos-suplementares\/orquestra-sinfonica\/wp-json\/wp\/v2\/posts"}],"about":[{"href":"https:\/\/www.ufsm.br\/orgaos-suplementares\/orquestra-sinfonica\/wp-json\/wp\/v2\/types\/post"}],"author":[{"embeddable":true,"href":"https:\/\/www.ufsm.br\/orgaos-suplementares\/orquestra-sinfonica\/wp-json\/wp\/v2\/users\/6792"}],"replies":[{"embeddable":true,"href":"https:\/\/www.ufsm.br\/orgaos-suplementares\/orquestra-sinfonica\/wp-json\/wp\/v2\/comments?post=810"}],"version-history":[{"count":0,"href":"https:\/\/www.ufsm.br\/orgaos-suplementares\/orquestra-sinfonica\/wp-json\/wp\/v2\/posts\/810\/revisions"}],"wp:attachment":[{"href":"https:\/\/www.ufsm.br\/orgaos-suplementares\/orquestra-sinfonica\/wp-json\/wp\/v2\/media?parent=810"}],"wp:term":[{"taxonomy":"category","embeddable":true,"href":"https:\/\/www.ufsm.br\/orgaos-suplementares\/orquestra-sinfonica\/wp-json\/wp\/v2\/categories?post=810"},{"taxonomy":"post_tag","embeddable":true,"href":"https:\/\/www.ufsm.br\/orgaos-suplementares\/orquestra-sinfonica\/wp-json\/wp\/v2\/tags?post=810"}],"curies":[{"name":"wp","href":"https:\/\/api.w.org\/{rel}","templated":true}]}}