{"id":431,"date":"2024-03-08T11:36:46","date_gmt":"2024-03-08T14:36:46","guid":{"rendered":"https:\/\/www.ufsm.br\/orgaos-suplementares\/planetario\/?p=431"},"modified":"2024-03-08T11:36:48","modified_gmt":"2024-03-08T14:36:48","slug":"recepcao-estudantil-2024","status":"publish","type":"post","link":"https:\/\/www.ufsm.br\/orgaos-suplementares\/planetario\/2024\/03\/08\/recepcao-estudantil-2024","title":{"rendered":"Recep\u00e7\u00e3o Estudantil 2024"},"content":{"rendered":"<p><em>Planet\u00e1rio da UFSM abre duas sess\u00f5es gratuitas<\/em><\/p>\n<p dir=\"ltr\" style=\"line-height: 1.38;text-align: justify;margin-top: 0pt;margin-bottom: 0pt\">Sess\u00f5es ser\u00e3o na ter\u00e7a (12) e quinta-feira (14), com ingressos distribu\u00eddos por ordem de chegada<\/p>\n<p><b id=\"docs-internal-guid-9da83d0d-7fff-b324-a3ce-91fbe1e17974\" style=\"font-weight: normal\">\u00a0<\/b><\/p>\n<p dir=\"ltr\" style=\"line-height: 1.38;text-align: justify;margin-top: 0pt;margin-bottom: 0pt\">O Planet\u00e1rio da Universidade Federal de Santa Maria (UFSM) realiza, nos dias 12 e 14 de mar\u00e7o, duas sess\u00f5es abertas e gratuitas ao p\u00fablico em geral, dentro da programa\u00e7\u00e3o de recep\u00e7\u00e3o estudantil para o primeiro semestre letivo de 2024 da institui\u00e7\u00e3o.\u00a0<\/p>\n<p><b style=\"font-weight: normal\">\u00a0<\/b><\/p>\n<p dir=\"ltr\" style=\"line-height: 1.38;text-align: justify;margin-top: 0pt;margin-bottom: 0pt\">No dia 12, ter\u00e7a-feira, a sess\u00e3o inicia \u00e0s 10h. As vagas s\u00e3o limitadas. Portanto, a dire\u00e7\u00e3o do Planet\u00e1rio informa que os ingressos ser\u00e3o distribu\u00eddos vinte minutos antes do in\u00edcio da sess\u00e3o, por ordem de chegada. Ao todo, s\u00e3o 115 lugares dispon\u00edveis.<\/p>\n<p><b style=\"font-weight: normal\">\u00a0<\/b><\/p>\n<p dir=\"ltr\" style=\"line-height: 1.38;text-align: justify;margin-top: 0pt;margin-bottom: 0pt\">Durante a sess\u00e3o, o p\u00fablico participar\u00e1 de um bate-papo tem\u00e1tico sobre a Semana de Conscientiza\u00e7\u00e3o das Mudan\u00e7as Clim\u00e1ticas, conduzido pelos monitores\/bolsistas, graduandos dos cursos das \u00e1reas de engenharia e f\u00edsica.<\/p>\n<p><b style=\"font-weight: normal\">\u00a0<\/b><\/p>\n<p dir=\"ltr\" style=\"line-height: 1.38;text-align: justify;margin-top: 0pt;margin-bottom: 0pt\">Em seguida, ser\u00e1 exibida na c\u00fapula do Planet\u00e1rio o filme \u201cA Quest\u00e3o da Vida\u201d, levando o p\u00fablico a uma viagem pelas quest\u00f5es que a exist\u00eancia da vida nos provoca. Ao todo, a sess\u00e3o ter\u00e1 dura\u00e7\u00e3o de 40 minutos.<\/p>\n<p dir=\"ltr\">\u00a0<\/p>\n<p dir=\"ltr\" style=\"line-height: 1.38;text-align: justify;margin-top: 0pt;margin-bottom: 0pt\">Quem n\u00e3o puder conferir a programa\u00e7\u00e3o na ter\u00e7a-feira, o Planet\u00e1rio oferece mais uma oportunidade. Na quinta (14), uma nova sess\u00e3o ser\u00e1 aberta, \u00e0s 15h, com o mesmo tema. Os ingressos tamb\u00e9m ser\u00e3o distribu\u00eddos gratuitamente, vinte minutos antes do in\u00edcio da programa\u00e7\u00e3o.<\/p>\n<p>\u00a0<\/p>\n<p dir=\"ltr\" style=\"line-height: 1.38;text-align: justify;margin-top: 0pt;margin-bottom: 0pt\">Siga o Planet\u00e1rio da UFSM nas redes sociais: @planetarioufsm<\/p>\n<p><b style=\"font-weight: normal\">\u00a0<\/b><\/p>\n<p dir=\"ltr\" style=\"line-height: 1.38;text-align: justify;margin-top: 0pt;margin-bottom: 0pt\">Conte\u00fado: Maria Minussi &#8211; Bolsista do Curso de Comunica\u00e7\u00e3o Social\/PE<\/p>\n<p dir=\"ltr\" style=\"line-height: 1.38;text-align: justify;margin-top: 0pt;margin-bottom: 0pt\">Supervis\u00e3o: Jaqueline Trentim Machado &#8211; Diretora do Planet\u00e1rio da UFSM<\/p>\n<p dir=\"ltr\">\u00a0<\/p>\n<figure><img fetchpriority=\"high\" decoding=\"async\" src=\"https:\/\/www.ufsm.br\/app\/uploads\/sites\/397\/2024\/03\/cortada-1536x794.jpg\" alt=\"\" width=\"1536\" height=\"794\" \/><figcaption>Foto: Planet\u00e1rio por Maria Minussi<\/figcaption><\/figure>\n","protected":false},"excerpt":{"rendered":"<p>Planet\u00e1rio da UFSM abre duas sess\u00f5es gratuitas Sess\u00f5es ser\u00e3o na ter\u00e7a (12) e quinta-feira (14), com ingressos distribu\u00eddos por ordem de chegada \u00a0 O Planet\u00e1rio da Universidade Federal de Santa Maria (UFSM) realiza, nos dias 12 e 14 de mar\u00e7o, duas sess\u00f5es abertas e gratuitas ao p\u00fablico em geral, dentro da programa\u00e7\u00e3o de recep\u00e7\u00e3o estudantil [&hellip;]<\/p>\n","protected":false},"author":313,"featured_media":0,"comment_status":"closed","ping_status":"closed","sticky":false,"template":"","format":"standard","meta":{"footnotes":""},"categories":[1],"tags":[22,25],"class_list":["post-431","post","type-post","status-publish","format-standard","hentry","category-sem-categoria","tag-planetario","tag-ufsm"],"acf":[],"_links":{"self":[{"href":"https:\/\/www.ufsm.br\/orgaos-suplementares\/planetario\/wp-json\/wp\/v2\/posts\/431","targetHints":{"allow":["GET"]}}],"collection":[{"href":"https:\/\/www.ufsm.br\/orgaos-suplementares\/planetario\/wp-json\/wp\/v2\/posts"}],"about":[{"href":"https:\/\/www.ufsm.br\/orgaos-suplementares\/planetario\/wp-json\/wp\/v2\/types\/post"}],"author":[{"embeddable":true,"href":"https:\/\/www.ufsm.br\/orgaos-suplementares\/planetario\/wp-json\/wp\/v2\/users\/313"}],"replies":[{"embeddable":true,"href":"https:\/\/www.ufsm.br\/orgaos-suplementares\/planetario\/wp-json\/wp\/v2\/comments?post=431"}],"version-history":[{"count":0,"href":"https:\/\/www.ufsm.br\/orgaos-suplementares\/planetario\/wp-json\/wp\/v2\/posts\/431\/revisions"}],"wp:attachment":[{"href":"https:\/\/www.ufsm.br\/orgaos-suplementares\/planetario\/wp-json\/wp\/v2\/media?parent=431"}],"wp:term":[{"taxonomy":"category","embeddable":true,"href":"https:\/\/www.ufsm.br\/orgaos-suplementares\/planetario\/wp-json\/wp\/v2\/categories?post=431"},{"taxonomy":"post_tag","embeddable":true,"href":"https:\/\/www.ufsm.br\/orgaos-suplementares\/planetario\/wp-json\/wp\/v2\/tags?post=431"}],"curies":[{"name":"wp","href":"https:\/\/api.w.org\/{rel}","templated":true}]}}