{"id":1921,"date":"2015-09-01T16:19:41","date_gmt":"2015-09-01T19:19:41","guid":{"rendered":"https:\/\/www.ufsm.br\/orgaos-suplementares\/radio\/2015\/09\/01\/magazineajustessetembro\/"},"modified":"2015-09-01T16:19:41","modified_gmt":"2015-09-01T19:19:41","slug":"magazineajustessetembro","status":"publish","type":"post","link":"https:\/\/www.ufsm.br\/orgaos-suplementares\/radio\/2015\/09\/01\/magazineajustessetembro","title":{"rendered":"Magazine anuncia suas novidades para setembro"},"content":{"rendered":"<p><img fetchpriority=\"high\" decoding=\"async\" class=\" alignleft size-full wp-image-1920\" style=\"margin-left: 0px; float: left;\" title=\"Magazine\" src=\"https:\/\/www.ufsm.br\/orgaos-suplementares\/radio\/wp-content\/uploads\/sites\/411\/2015\/09\/magazine-1.jpg\" alt=\"Magazine\" width=\"270\" height=\"210\" \/>O <b>Magazine<\/b>, no m\u00eas de agosto, promoveu ajustes ao seu roteiro de atra\u00e7\u00f5es, incluindo o quadro <b>Rep\u00f3rter Radiotube<\/b>, tornando di\u00e1rio o <b>Talento em Destaque<\/b> e lan\u00e7ando a s\u00e9rie <b>Farrapos &#8211; Uma Hist\u00f3ria de Hero\u00edsmo<\/b>, produ\u00e7\u00e3o de Odilon Ramos. <\/p>\n<p> O <b>m\u00eas de setembro<\/b> chegou e as novidades do programa ficam por conta dos spots. Passamos a veicular diariamente a s\u00e9rie <b>Fique Ligado Radiotube<\/b>, produ\u00e7\u00e3o da Criar Brasil para as emissoras brasileiras. Cada spot de um minuto versa sobre um tema de cidadania, como meio ambiente, acessibilidade, transporte gratuito, racismo no esporte e tantos outros. <\/p>\n<p> Produ\u00e7\u00f5es locais tamb\u00e9m merecem aten\u00e7\u00e3o. A s\u00e9rie <b>Magazine Direitos Humanos<\/b>, baseada nos principais artigos da Declara\u00e7\u00e3o Universal dos Direitos Humanos, qualifica mais o intervalo de cada programa. E ainda tem uma inser\u00e7\u00e3o fora do programa, \u00e0s 12h30. S\u00e3o spots com aproximadamente um minuto, com locu\u00e7\u00e3o da acad\u00eamica de Jornalismo Clara Sit\u00f3. <\/p>\n<p> A outra s\u00e9rie de spots, reunindo as mais variadas dicas sobre sustentabilidade, qualifica as chamadas para o <b>Magazine<\/b> na programa\u00e7\u00e3o de segunda a sexta. O <b>Magazine Flash<\/b> vai ao ar, a partir desta ter\u00e7a, \u00e0s 18h00. <\/p>\n<p> O programa <b>Magazine<\/b> tem coordena\u00e7\u00e3o, produ\u00e7\u00e3o e apresenta\u00e7\u00e3o de Milton Oliveira, e vai ao ar na faixa das 20h00 \u00e0s 21h00, de segunda a sexta. O programa pode ser ouvido pelos <b>800 AM<\/b> e ou aqui pelo site via web. Saiba mais em <b><a href=\"http:\/\/www.aprendizdomundo.com\/magazine\" target=\"_blank\" title=\"Magazine\">aprendizdomundo.com\/magazine<\/a><\/b> e curta a fanpage em <b><a href=\"http:\/\/www.facebook.com\/magazinesocial\" target=\"_blank\" title=\"Magazine no Facebook\">facebook.com\/magazinesocial<\/a><\/b>.<\/p>\n","protected":false},"excerpt":{"rendered":"<p>O Magazine, no m\u00eas de agosto, promoveu ajustes ao seu roteiro de atra\u00e7\u00f5es, incluindo o quadro Rep\u00f3rter Radiotube, tornando di\u00e1rio o Talento em Destaque e lan\u00e7ando a s\u00e9rie Farrapos &#8211; Uma Hist\u00f3ria de Hero\u00edsmo, produ\u00e7\u00e3o de Odilon Ramos. O m\u00eas de setembro chegou e as novidades do programa ficam por conta dos spots. Passamos a [&hellip;]<\/p>\n","protected":false},"author":8,"featured_media":0,"comment_status":"closed","ping_status":"closed","sticky":false,"template":"","format":"standard","meta":{"episode_type":"","audio_file":"","cover_image":"","cover_image_id":"","duration":"","filesize":"","date_recorded":"","explicit":"","block":"","filesize_raw":"","footnotes":""},"categories":[1],"tags":[],"class_list":["post-1921","post","type-post","status-publish","format-standard","hentry","category-geral"],"acf":[],"_links":{"self":[{"href":"https:\/\/www.ufsm.br\/orgaos-suplementares\/radio\/wp-json\/wp\/v2\/posts\/1921","targetHints":{"allow":["GET"]}}],"collection":[{"href":"https:\/\/www.ufsm.br\/orgaos-suplementares\/radio\/wp-json\/wp\/v2\/posts"}],"about":[{"href":"https:\/\/www.ufsm.br\/orgaos-suplementares\/radio\/wp-json\/wp\/v2\/types\/post"}],"author":[{"embeddable":true,"href":"https:\/\/www.ufsm.br\/orgaos-suplementares\/radio\/wp-json\/wp\/v2\/users\/8"}],"replies":[{"embeddable":true,"href":"https:\/\/www.ufsm.br\/orgaos-suplementares\/radio\/wp-json\/wp\/v2\/comments?post=1921"}],"version-history":[{"count":0,"href":"https:\/\/www.ufsm.br\/orgaos-suplementares\/radio\/wp-json\/wp\/v2\/posts\/1921\/revisions"}],"wp:attachment":[{"href":"https:\/\/www.ufsm.br\/orgaos-suplementares\/radio\/wp-json\/wp\/v2\/media?parent=1921"}],"wp:term":[{"taxonomy":"category","embeddable":true,"href":"https:\/\/www.ufsm.br\/orgaos-suplementares\/radio\/wp-json\/wp\/v2\/categories?post=1921"},{"taxonomy":"post_tag","embeddable":true,"href":"https:\/\/www.ufsm.br\/orgaos-suplementares\/radio\/wp-json\/wp\/v2\/tags?post=1921"}],"curies":[{"name":"wp","href":"https:\/\/api.w.org\/{rel}","templated":true}]}}