{"id":2028,"date":"2015-09-18T16:49:35","date_gmt":"2015-09-18T19:49:35","guid":{"rendered":"https:\/\/www.ufsm.br\/orgaos-suplementares\/radio\/2015\/09\/18\/parceriaimigrantes2\/"},"modified":"2015-09-18T16:49:35","modified_gmt":"2015-09-18T19:49:35","slug":"parceriaimigrantes2","status":"publish","type":"post","link":"https:\/\/www.ufsm.br\/orgaos-suplementares\/radio\/2015\/09\/18\/parceriaimigrantes2","title":{"rendered":"Magazine mant\u00e9m parceria de conte\u00fado com a R\u00e1dio Imigrantes AM"},"content":{"rendered":"<p><a href=\"http:\/\/www.radioimigrantes.com.br\/\" target=\"_blank\" title=\"R&aacute;dio Imigrantes AM\"><img fetchpriority=\"high\" decoding=\"async\" class=\" alignleft size-full wp-image-2027\" style=\"margin-left: 0px; margin-right: 10px; float: left;\" title=\"R&aacute;dio Imigrantes AM\" src=\"https:\/\/www.ufsm.br\/orgaos-suplementares\/radio\/wp-content\/uploads\/sites\/411\/2015\/09\/imigrantes-3.jpg\" alt=\"imigrantes\" width=\"250\" height=\"200\" \/><\/a><\/p>\n<p>Desde o in&iacute;cio deste m&ecirc;s de <strong>setembro<\/strong>, a regi&atilde;o sul catarinense passou a ouvir em sua emissora regional quadros produzidos aqui na <strong>R&aacute;dio Universidade de Santa Maria<\/strong>. Os munic&iacute;pios de Turvo, Morro Grande, Meleiro, Ararangu&aacute;, Ermo, Jacinto Machado, Timb&eacute; do Sul e outros da &aacute;rea de cobertura da <strong>R&aacute;dio Imigrantes AM<\/strong> podem curtir as produ&ccedil;&otilde;es do programa <strong>Magazine<\/strong>.<\/p>\n<p>O <strong>Finestra Italiana<\/strong>, desde 02\/09, vai ao ar de segunda a sexta, &agrave;s 11h30, dentro do Bom Dia Imigrantes, que ocupa a faixa das 10h00 &agrave;s 12h00, de segunda a sexta. O programa tem produ&ccedil;&atilde;o e apresenta&ccedil;&atilde;o de Jo&atilde;o Paulo Brognoli. O <strong>Finestra Italiana<\/strong> tem produ&ccedil;&atilde;o e edi&ccedil;&atilde;o de Milton Oliveira e apresenta&ccedil;&atilde;o de Helvio Cecchin.<\/p>\n<p><strong>A Can&ccedil;&atilde;o do Dia<\/strong>, igualmente desde 02\/09, vai ao ar de segunda a sexta, &agrave;s 15h00, integrando o roteiro do Conex&atilde;o 1550, que ocupa a faixa das 13h40 &agrave;s 16h30, de segunda a sexta. O programa tem produ&ccedil;&atilde;o e apresenta&ccedil;&atilde;o de Kely Bezerra. <strong>A Can&ccedil;&atilde;o do Dia<\/strong> tem produ&ccedil;&atilde;o, edi&ccedil;&atilde;o e apresenta&ccedil;&atilde;o de Milton Oliveira.<\/p>\n<p>O <strong>Editoria S<\/strong>, nosso quadro de sustentabilidade, vai ao ar no s&aacute;bado, &agrave;s 08h30, inclu&iacute;do entre as atra&ccedil;&otilde;es do Sabad&atilde;o Sertanejo, que ocupa a faixa das 05h00 &agrave;s 10h00. O programa tem produ&ccedil;&atilde;o e apresenta&ccedil;&atilde;o de Roni dos Santos e Vander Batista. O <strong>Editoria S<\/strong> tem produ&ccedil;&atilde;o e edi&ccedil;&atilde;o de Milton Oliveira e apresenta&ccedil;&atilde;o das acad&ecirc;micas de Jornalismo da <strong>UFSM<\/strong> Clara Sit&oacute;, Kelem Duarte e Paula Mattos, alternadamente.<\/p>\n<p>A <strong>R&aacute;dio Imigrantes AM<\/strong> est&aacute; sediada em Turvo, cidade com 11.854 habitantes (segundo censo de 2010 do IBGE) e uma &aacute;rea de 233.941 km&sup2;, localizada 249 km de Florian&oacute;polis. A Imigrantes trasmite pela frequ&ecirc;ncia de 1550 kHz e via internet pelo site <a href=\"http:\/\/www.radioimigrantes.com.br\/\" target=\"_blank\" title=\"R&aacute;dio Imigrantes AM\"><strong>www.radioimigrantes.com.br<\/strong><\/a>. A dire&ccedil;&atilde;o da emissora est&aacute; na responsabilidade de Humberto Ronald Grechi. O interlocutor da nossa parceria &eacute; Roni dos Santos, coordenador do departamento comercial.<\/p>\n<p>O <strong>Magazine<\/strong>, programa no qual s&atilde;o veiculados os quadros aqui na emissora, tem coordena&ccedil;&atilde;o, produ&ccedil;&atilde;o e apresenta&ccedil;&atilde;o de Milton Oliveira, e vai ao ar na faixa das 20h00 &agrave;s 21h00, de segunda a sexta. O programa pode ser ouvido pelos <strong>800 AM<\/strong> e aqui no site via web. Saiba mais do programa no endere&ccedil;o <a href=\"http:\/\/www.aprendizdomundo.com\/magazine\/\" target=\"_blank\" title=\"Magazine\"><strong>www.aprendizdomundo.com\/magazine<\/strong><\/a>.<\/p>\n","protected":false},"excerpt":{"rendered":"<p>Desde o in&iacute;cio deste m&ecirc;s de setembro, a regi&atilde;o sul catarinense passou a ouvir em sua emissora regional quadros produzidos aqui na R&aacute;dio Universidade de Santa Maria. Os munic&iacute;pios de Turvo, Morro Grande, Meleiro, Ararangu&aacute;, Ermo, Jacinto Machado, Timb&eacute; do Sul e outros da &aacute;rea de cobertura da R&aacute;dio Imigrantes AM podem curtir as produ&ccedil;&otilde;es [&hellip;]<\/p>\n","protected":false},"author":8,"featured_media":0,"comment_status":"closed","ping_status":"closed","sticky":false,"template":"","format":"standard","meta":{"episode_type":"","audio_file":"","cover_image":"","cover_image_id":"","duration":"","filesize":"","date_recorded":"","explicit":"","block":"","filesize_raw":"","footnotes":""},"categories":[1],"tags":[],"class_list":["post-2028","post","type-post","status-publish","format-standard","hentry","category-geral"],"acf":[],"_links":{"self":[{"href":"https:\/\/www.ufsm.br\/orgaos-suplementares\/radio\/wp-json\/wp\/v2\/posts\/2028","targetHints":{"allow":["GET"]}}],"collection":[{"href":"https:\/\/www.ufsm.br\/orgaos-suplementares\/radio\/wp-json\/wp\/v2\/posts"}],"about":[{"href":"https:\/\/www.ufsm.br\/orgaos-suplementares\/radio\/wp-json\/wp\/v2\/types\/post"}],"author":[{"embeddable":true,"href":"https:\/\/www.ufsm.br\/orgaos-suplementares\/radio\/wp-json\/wp\/v2\/users\/8"}],"replies":[{"embeddable":true,"href":"https:\/\/www.ufsm.br\/orgaos-suplementares\/radio\/wp-json\/wp\/v2\/comments?post=2028"}],"version-history":[{"count":0,"href":"https:\/\/www.ufsm.br\/orgaos-suplementares\/radio\/wp-json\/wp\/v2\/posts\/2028\/revisions"}],"wp:attachment":[{"href":"https:\/\/www.ufsm.br\/orgaos-suplementares\/radio\/wp-json\/wp\/v2\/media?parent=2028"}],"wp:term":[{"taxonomy":"category","embeddable":true,"href":"https:\/\/www.ufsm.br\/orgaos-suplementares\/radio\/wp-json\/wp\/v2\/categories?post=2028"},{"taxonomy":"post_tag","embeddable":true,"href":"https:\/\/www.ufsm.br\/orgaos-suplementares\/radio\/wp-json\/wp\/v2\/tags?post=2028"}],"curies":[{"name":"wp","href":"https:\/\/api.w.org\/{rel}","templated":true}]}}