{"id":2061,"date":"2015-10-02T17:05:18","date_gmt":"2015-10-02T20:05:18","guid":{"rendered":"https:\/\/www.ufsm.br\/orgaos-suplementares\/radio\/2015\/10\/02\/programacaooutubro\/"},"modified":"2015-10-02T17:05:18","modified_gmt":"2015-10-02T20:05:18","slug":"programacaooutubro","status":"publish","type":"post","link":"https:\/\/www.ufsm.br\/orgaos-suplementares\/radio\/2015\/10\/02\/programacaooutubro","title":{"rendered":"Programa\u00e7\u00e3o dos 800 AM ganha novas produ\u00e7\u00f5es em outubro"},"content":{"rendered":"<p><img fetchpriority=\"high\" decoding=\"async\" class=\" alignleft size-full wp-image-2060\" style=\"margin-right: 10px; float: left;\" title=\"R&aacute;dio Universidade AM\" src=\"https:\/\/www.ufsm.br\/orgaos-suplementares\/radio\/wp-content\/uploads\/sites\/411\/2015\/10\/programacao.png\" alt=\"R&aacute;dio Universidade AM\" width=\"250\" height=\"200\" \/>Chegou o m&ecirc;s de <strong>outubro<\/strong> e a <strong>R&aacute;dio Universidade AM<\/strong> recebe novas produ&ccedil;&otilde;es em sua grade de programa&ccedil;&atilde;o.<\/p>\n<p><strong>Nacional Informa<\/strong>. O produto noticioso de curta dura&ccedil;&atilde;o da R&aacute;dio Nacional de Bras&iacute;lia, veiculado pelos <strong>800 AM<\/strong> via Rede P&uacute;blica de R&aacute;dios, passou a ter mais duas edi&ccedil;&otilde;es na nossa programa&ccedil;&atilde;o, &agrave;s 11h00 e 18h00. Somam-se as edi&ccedil;&otilde;es j&aacute; veiculadas das 08h00, 09h00, 10h00, 14h00, 15h00, 16h00 e 17h00, sempre de segunda a sexta. Ao vivo.<\/p>\n<p>Reprise do <strong>Bambaataa<\/strong>. O programa de m&uacute;sica e cultura hip-hop, produzido pelos acad&ecirc;micos de Comunica&ccedil;&atilde;o Social da <strong>UFSM<\/strong>, a partir de agora ganha uma reprise, aos domingos, na faixa das 11h00 &agrave;s 12h00. O <strong>Bambaataa<\/strong> &eacute; levado ao ar ao vivo nas ter&ccedil;as, das 17h00 &agrave;s 18h00.<\/p>\n<p><strong>Sons do Brasil<\/strong>. Com a proposta de mostrar um panorama da m&uacute;sica que &eacute; tocada nas diversas regi&otilde;es do pa&iacute;s, o programa realizado pela Ger&ecirc;ncia Executiva de M&uacute;sica da EBC, tem produ&ccedil;&atilde;o executiva de Elisabete Pinto, com supervis&atilde;o e roteiro de Ricardo Vilas, apresenta&ccedil;&atilde;o de Xico Teixeira e participa&ccedil;&otilde;es de Ricardo Vilas e Daniel Roviriego. A cada audi&ccedil;&atilde;o podemos acompanhar o trabalho de uma emissora do pa&iacute;s, destacando os artistas locais. Inserido nos princ&iacute;pios da Rede P&uacute;blica de R&aacute;dios, veicularemos o programa aos domingos, na faixa das 13h00 &agrave;s 14h00. Na audi&ccedil;&atilde;o de estreia, <strong>04\/10<\/strong>, a participa&ccedil;&atilde;o da nossa emissora no projeto, com produ&ccedil;&atilde;o local e participa&ccedil;&atilde;o de Renato Molina, diretor da R&aacute;dio Universidade.<\/p>\n<p><strong>Talento em Destaque<\/strong>. Este que &eacute; um dos quadros fixos do programa <a target=\"_blank\" title=\"Magazine\" href=\"http:\/\/www.aprendizdomundo.com\/magazine\"><strong>Magazine<\/strong><\/a> (segunda a sexta, 20h00\/21h00), ganha a partir de agora uma hora no final de semana para valorizar ainda mais os novos nomes da m&uacute;sica contempor&acirc;nea do Brasil e de Portugal. <strong>Talento em Destaque, o programa<\/strong>, vai ao ar aos domingos, das 21h30 &agrave;s 22h30. Estreia em <strong>04\/10<\/strong>.<\/p>\n<p><strong>Volver a los Diecisiete<\/strong>. O produto radiof&ocirc;nico do Projeto Volver, voltado aos ex-alunos da <strong>UFSM<\/strong>, est&aacute; chegando para a terceira temporada, com estreia prevista para quarta, <strong>07\/10<\/strong>. O programa ocupa a faixa das 13h10 &agrave;s 14h00.<\/p>\n<p><strong>Outras novidades<\/strong> ser&atilde;o anunciadas nos pr&oacute;ximos dias. Incluem-se entre elas, as estreias de <strong>Protagonismo Negro<\/strong>, programa voltado &agrave;s quest&otilde;es da negritude, e <strong>Ess&ecirc;ncia Ga&uacute;cha<\/strong>, produ&ccedil;&atilde;o cultural apresentada pelo compositor e cantor Nilton Ferreira. Os programas da <strong>R&aacute;dio Universidade<\/strong> podem ser ouvidos pelos <strong>800 AM<\/strong> e aqui no site via web.<\/p>\n","protected":false},"excerpt":{"rendered":"<p>Chegou o m&ecirc;s de outubro e a R&aacute;dio Universidade AM recebe novas produ&ccedil;&otilde;es em sua grade de programa&ccedil;&atilde;o. Nacional Informa. O produto noticioso de curta dura&ccedil;&atilde;o da R&aacute;dio Nacional de Bras&iacute;lia, veiculado pelos 800 AM via Rede P&uacute;blica de R&aacute;dios, passou a ter mais duas edi&ccedil;&otilde;es na nossa programa&ccedil;&atilde;o, &agrave;s 11h00 e 18h00. Somam-se as [&hellip;]<\/p>\n","protected":false},"author":8,"featured_media":0,"comment_status":"closed","ping_status":"closed","sticky":false,"template":"","format":"standard","meta":{"episode_type":"","audio_file":"","cover_image":"","cover_image_id":"","duration":"","filesize":"","date_recorded":"","explicit":"","block":"","filesize_raw":"","footnotes":""},"categories":[1],"tags":[],"class_list":["post-2061","post","type-post","status-publish","format-standard","hentry","category-geral"],"acf":[],"_links":{"self":[{"href":"https:\/\/www.ufsm.br\/orgaos-suplementares\/radio\/wp-json\/wp\/v2\/posts\/2061","targetHints":{"allow":["GET"]}}],"collection":[{"href":"https:\/\/www.ufsm.br\/orgaos-suplementares\/radio\/wp-json\/wp\/v2\/posts"}],"about":[{"href":"https:\/\/www.ufsm.br\/orgaos-suplementares\/radio\/wp-json\/wp\/v2\/types\/post"}],"author":[{"embeddable":true,"href":"https:\/\/www.ufsm.br\/orgaos-suplementares\/radio\/wp-json\/wp\/v2\/users\/8"}],"replies":[{"embeddable":true,"href":"https:\/\/www.ufsm.br\/orgaos-suplementares\/radio\/wp-json\/wp\/v2\/comments?post=2061"}],"version-history":[{"count":0,"href":"https:\/\/www.ufsm.br\/orgaos-suplementares\/radio\/wp-json\/wp\/v2\/posts\/2061\/revisions"}],"wp:attachment":[{"href":"https:\/\/www.ufsm.br\/orgaos-suplementares\/radio\/wp-json\/wp\/v2\/media?parent=2061"}],"wp:term":[{"taxonomy":"category","embeddable":true,"href":"https:\/\/www.ufsm.br\/orgaos-suplementares\/radio\/wp-json\/wp\/v2\/categories?post=2061"},{"taxonomy":"post_tag","embeddable":true,"href":"https:\/\/www.ufsm.br\/orgaos-suplementares\/radio\/wp-json\/wp\/v2\/tags?post=2061"}],"curies":[{"name":"wp","href":"https:\/\/api.w.org\/{rel}","templated":true}]}}