{"id":3290,"date":"2016-06-03T18:25:52","date_gmt":"2016-06-03T21:25:52","guid":{"rendered":"https:\/\/www.ufsm.br\/orgaos-suplementares\/radio\/2016\/06\/03\/eleicaodce\/"},"modified":"2016-06-03T18:25:52","modified_gmt":"2016-06-03T21:25:52","slug":"eleicaodce","status":"publish","type":"post","link":"https:\/\/www.ufsm.br\/orgaos-suplementares\/radio\/2016\/06\/03\/eleicaodce","title":{"rendered":"R\u00e1dio Universidade transmite debate das elei\u00e7\u00f5es ao DCE"},"content":{"rendered":"<p><img fetchpriority=\"high\" decoding=\"async\" class=\" alignleft size-full wp-image-3289\" style=\"margin-right: 10px; float: left;\" title=\"DCE\" src=\"https:\/\/www.ufsm.br\/orgaos-suplementares\/radio\/wp-content\/uploads\/sites\/411\/2016\/06\/dce_ufsm-1.jpg\" alt=\"DCE\" width=\"250\" height=\"200\" \/><\/p>\n<p>As tr&ecirc;s chapas concorrentes &agrave;s elei&ccedil;&otilde;es 2016 para a administra&ccedil;&atilde;o do <strong>DCE (Diret&oacute;rio Central dos Estudantes) da UFSM<\/strong> participar&atilde;o nesta segunda, <strong>06\/06<\/strong>,&nbsp;a partir das 14h00, de um debate organizado pela <a href=\"http:\/\/www.ufsm.br\/tvcampus\" target=\"_blank\" title=\"TV Campus\"><span style=\"color: #0000ff;\"><span style=\"color: #0000ff;\"><strong>TV Campus<\/strong><\/span><\/span><\/a>, com transmiss&atilde;o em rede pela <strong>R&aacute;dio Universidade AM<\/strong>.<\/p>\n<p>Representantes das tr&ecirc;s candidaturas ter&atilde;o dois blocos para discutir prioridades e pontos de vista ao longo do debate, que ter&aacute; dura&ccedil;&atilde;o aproximada de uma hora e 15 minutos. No primeiro bloco, os concorrentes far&atilde;o a apresenta&ccedil;&atilde;o das propostas e responder&atilde;o a perguntas encaminhadas pelo p&uacute;blico. No segundo bloco, as pr&oacute;prias chapas responder&atilde;o a quest&otilde;es entre si. O programa ser&aacute; mediado pelo jornalista Gilson Piber.<\/p>\n<p>O debate come&ccedil;a &agrave;s 14h00 no <strong>canal 15 da Net Santa Maria<\/strong>, com transmiss&atilde;o ao vivo pela <strong>Universidade AM<\/strong>. Na&nbsp;<a href=\"http:\/\/www.ufsm.br\/tvcampus\" target=\"_blank\" title=\"TV Campus\"><strong>TV Campus<\/strong><\/a>,&nbsp;acontecem reprises at&eacute; a pr&oacute;xima quarta, 08\/06, dia da elei&ccedil;&atilde;o.<\/p>\n<p>O p&uacute;blico pode encaminhar suas perguntas pela p&aacute;gina da TV Campus no Facebook ou pelo e-mail <span style=\"color: #0000ff;\"><span style=\"color: #0000ff;\"><strong>producaotvcampus@gmail.com<\/strong><\/span><\/span>.<\/p>\n<p>O&nbsp;<strong>debate<\/strong>&nbsp;pode ser ouvido pelos&nbsp;<strong>800 AM<\/strong>&nbsp;e aqui no site via web.<\/p>\n","protected":false},"excerpt":{"rendered":"<p>As tr&ecirc;s chapas concorrentes &agrave;s elei&ccedil;&otilde;es 2016 para a administra&ccedil;&atilde;o do DCE (Diret&oacute;rio Central dos Estudantes) da UFSM participar&atilde;o nesta segunda, 06\/06,&nbsp;a partir das 14h00, de um debate organizado pela TV Campus, com transmiss&atilde;o em rede pela R&aacute;dio Universidade AM. Representantes das tr&ecirc;s candidaturas ter&atilde;o dois blocos para discutir prioridades e pontos de vista ao [&hellip;]<\/p>\n","protected":false},"author":8,"featured_media":0,"comment_status":"closed","ping_status":"closed","sticky":false,"template":"","format":"standard","meta":{"episode_type":"","audio_file":"","cover_image":"","cover_image_id":"","duration":"","filesize":"","date_recorded":"","explicit":"","block":"","filesize_raw":"","footnotes":""},"categories":[1],"tags":[],"class_list":["post-3290","post","type-post","status-publish","format-standard","hentry","category-geral"],"acf":[],"_links":{"self":[{"href":"https:\/\/www.ufsm.br\/orgaos-suplementares\/radio\/wp-json\/wp\/v2\/posts\/3290","targetHints":{"allow":["GET"]}}],"collection":[{"href":"https:\/\/www.ufsm.br\/orgaos-suplementares\/radio\/wp-json\/wp\/v2\/posts"}],"about":[{"href":"https:\/\/www.ufsm.br\/orgaos-suplementares\/radio\/wp-json\/wp\/v2\/types\/post"}],"author":[{"embeddable":true,"href":"https:\/\/www.ufsm.br\/orgaos-suplementares\/radio\/wp-json\/wp\/v2\/users\/8"}],"replies":[{"embeddable":true,"href":"https:\/\/www.ufsm.br\/orgaos-suplementares\/radio\/wp-json\/wp\/v2\/comments?post=3290"}],"version-history":[{"count":0,"href":"https:\/\/www.ufsm.br\/orgaos-suplementares\/radio\/wp-json\/wp\/v2\/posts\/3290\/revisions"}],"wp:attachment":[{"href":"https:\/\/www.ufsm.br\/orgaos-suplementares\/radio\/wp-json\/wp\/v2\/media?parent=3290"}],"wp:term":[{"taxonomy":"category","embeddable":true,"href":"https:\/\/www.ufsm.br\/orgaos-suplementares\/radio\/wp-json\/wp\/v2\/categories?post=3290"},{"taxonomy":"post_tag","embeddable":true,"href":"https:\/\/www.ufsm.br\/orgaos-suplementares\/radio\/wp-json\/wp\/v2\/tags?post=3290"}],"curies":[{"name":"wp","href":"https:\/\/api.w.org\/{rel}","templated":true}]}}