{"id":4671,"date":"2017-03-31T16:43:22","date_gmt":"2017-03-31T19:43:22","guid":{"rendered":"https:\/\/www.ufsm.br\/orgaos-suplementares\/radio\/2017\/03\/31\/italiadisempre2017-04-01\/"},"modified":"2017-03-31T16:43:22","modified_gmt":"2017-03-31T19:43:22","slug":"italiadisempre2017-04-01","status":"publish","type":"post","link":"https:\/\/www.ufsm.br\/orgaos-suplementares\/radio\/2017\/03\/31\/italiadisempre2017-04-01","title":{"rendered":"Italia di Sempre na noite deste s\u00e1bado, 01\/04"},"content":{"rendered":"<p><img fetchpriority=\"high\" decoding=\"async\" class=\" alignleft size-full wp-image-4670\" style=\"margin-right: 10px; float: left;\" title=\"Italia di Sempre\" src=\"https:\/\/www.ufsm.br\/orgaos-suplementares\/radio\/wp-content\/uploads\/sites\/411\/2017\/03\/italiadisempre-8.jpg\" alt=\"Italia di Sempre\" width=\"250\" height=\"200\" \/>O <b>Italia di Sempre<\/b> \u00e9 um programa cultural voltado \u00e0 execu\u00e7\u00e3o de can\u00e7\u00f5es rom\u00e2nticas italianas, preferencialmente das d\u00e9cadas de 1960, 1970 e 1980.<\/p>\n<p><i>\u201cPer me l&#8217;amore \u00e8 ogni piccola cosa,<br \/> una parola o magari una rosa,<br \/> una canzone dal cuore, un vestito da sposa.<\/p>\n<p> Per me l&#8217;amore \u00e8 un motivo d&#8217;attesa,<br \/> la tua espressione innocente e indifesa,<br \/> una continua diversa eccitante sorpresa.<\/p>\n<p> Per me l&#8217;amore \u00e8 una stella che brilla,<br \/> un grande incendio per una scintilla,<br \/> il desiderio di essere sempre pi\u00f9 bella&#8230;\u201d <\/i> {L&#8217;amore \u00c8, 1984}<\/p>\n<p>O <b>Italia di Sempre<\/b> vai ao ar pela <b>Universidade AM<\/b> todo s\u00e1bado, na faixa das 22h00 \u00e0s 23h00, com reprise no domingo, \u00e0s 19h00. A produ\u00e7\u00e3o e edi\u00e7\u00e3o \u00e9 de Milton Oliveira, com apresenta\u00e7\u00e3o de Helvio Cecchin. O programa pode ser ouvido pelos <b>800 AM<\/b> e aqui no site via web.<\/p>\n<p>A italianidade est\u00e1 presente em outros momentos da nossa programa\u00e7\u00e3o: <b>Canzoni della Domenica<\/b>, tocando as can\u00e7\u00f5es populares folcl\u00f3ricas da It\u00e1lia, no domingo, \u00e0s 08h00; <b>Benedetta Italia<\/b>, reunindo cultura, humor e m\u00fasica variada do pa\u00eds da bota, na quinta, \u00e0s 21h00; <b>Finestra Italiana<\/b>, quadro do programa <b><a title=\"Magazine\" target=\"_blank\" href=\"http:\/\/www.aprendizdomundo.com\/magazine\">Magazine<\/a><\/b> (20h00\/21h00), de segunda a sexta; e ainda o <b>Arquivo 800<\/b> dedica toda noite de ter\u00e7a para os grandes nomes da m\u00fasica italiana, \u00e0s 23h00.<\/p>\n","protected":false},"excerpt":{"rendered":"<p>O Italia di Sempre \u00e9 um programa cultural voltado \u00e0 execu\u00e7\u00e3o de can\u00e7\u00f5es rom\u00e2nticas italianas, preferencialmente das d\u00e9cadas de 1960, 1970 e 1980. \u201cPer me l&#8217;amore \u00e8 ogni piccola cosa, una parola o magari una rosa, una canzone dal cuore, un vestito da sposa. Per me l&#8217;amore \u00e8 un motivo d&#8217;attesa, la tua espressione innocente [&hellip;]<\/p>\n","protected":false},"author":8,"featured_media":0,"comment_status":"closed","ping_status":"closed","sticky":false,"template":"","format":"standard","meta":{"episode_type":"","audio_file":"","cover_image":"","cover_image_id":"","duration":"","filesize":"","date_recorded":"","explicit":"","block":"","filesize_raw":"","footnotes":""},"categories":[1],"tags":[],"class_list":["post-4671","post","type-post","status-publish","format-standard","hentry","category-geral"],"acf":[],"_links":{"self":[{"href":"https:\/\/www.ufsm.br\/orgaos-suplementares\/radio\/wp-json\/wp\/v2\/posts\/4671","targetHints":{"allow":["GET"]}}],"collection":[{"href":"https:\/\/www.ufsm.br\/orgaos-suplementares\/radio\/wp-json\/wp\/v2\/posts"}],"about":[{"href":"https:\/\/www.ufsm.br\/orgaos-suplementares\/radio\/wp-json\/wp\/v2\/types\/post"}],"author":[{"embeddable":true,"href":"https:\/\/www.ufsm.br\/orgaos-suplementares\/radio\/wp-json\/wp\/v2\/users\/8"}],"replies":[{"embeddable":true,"href":"https:\/\/www.ufsm.br\/orgaos-suplementares\/radio\/wp-json\/wp\/v2\/comments?post=4671"}],"version-history":[{"count":0,"href":"https:\/\/www.ufsm.br\/orgaos-suplementares\/radio\/wp-json\/wp\/v2\/posts\/4671\/revisions"}],"wp:attachment":[{"href":"https:\/\/www.ufsm.br\/orgaos-suplementares\/radio\/wp-json\/wp\/v2\/media?parent=4671"}],"wp:term":[{"taxonomy":"category","embeddable":true,"href":"https:\/\/www.ufsm.br\/orgaos-suplementares\/radio\/wp-json\/wp\/v2\/categories?post=4671"},{"taxonomy":"post_tag","embeddable":true,"href":"https:\/\/www.ufsm.br\/orgaos-suplementares\/radio\/wp-json\/wp\/v2\/tags?post=4671"}],"curies":[{"name":"wp","href":"https:\/\/api.w.org\/{rel}","templated":true}]}}