{"id":4683,"date":"2017-03-31T16:55:31","date_gmt":"2017-03-31T19:55:31","guid":{"rendered":"https:\/\/www.ufsm.br\/orgaos-suplementares\/radio\/2017\/03\/31\/talento2017-04-02\/"},"modified":"2017-03-31T16:55:31","modified_gmt":"2017-03-31T19:55:31","slug":"talento2017-04-02","status":"publish","type":"post","link":"https:\/\/www.ufsm.br\/orgaos-suplementares\/radio\/2017\/03\/31\/talento2017-04-02","title":{"rendered":"Talento em Destaque na noite de domingo, 02\/04"},"content":{"rendered":"<p><img fetchpriority=\"high\" decoding=\"async\" class=\" alignleft size-full wp-image-4682\" title=\"Talento em Destaque\" src=\"https:\/\/www.ufsm.br\/orgaos-suplementares\/radio\/wp-content\/uploads\/sites\/411\/2017\/03\/talentoprograma-9.jpg\" style=\"margin-right:10px\" alt=\"Talento em Destaque\" align=\"left\" width=\"250\" height=\"200\" \/>Talento em Destaque \u00e9 um quadro fixo do <b><a href=\"http:\/\/www.aprendizdomundo.com\/magazine\" target=\"_blank\" title=\"Magazine\">Magazine<\/a><\/b>, programa que levamos ao ar de segunda a sexta, na faixa das 20 \u00e0s 21 horas. Com o objetivo de mostrar a m\u00fasica contempor\u00e2nea do Brasil e de Portugal, a cada audi\u00e7\u00e3o mostramos o trabalho de um artista ou grupo, tocando duas can\u00e7\u00f5es do destacado na sequ\u00eancia das informa\u00e7\u00f5es.<\/p>\n<p><b>Talento em Destaque, o programa<\/b>, re\u00fane v\u00e1rios nomes do elenco desta produ\u00e7\u00e3o para valorizar ainda mais os novos da m\u00fasica de l\u00edngua portuguesa.<\/p>\n<p>Na audi\u00e7\u00e3o desta semana, <b>02\/04<\/b>, ouviremos os sons da <b>banda ga\u00facha Alpargatos, Rui Bandeira, Gabriella Lima , Camila Marieta, Anaquim e Juliano Gauche<\/b>.<\/p>\n<p>O <b>Talento em Destaque, o programa<\/b>, vai ao ar todo domingo pela <b>R\u00e1dio Universidade<\/b>, na faixa das 21h30 \u00e0s 22h30. A pesquisa, produ\u00e7\u00e3o, apresenta\u00e7\u00e3o e edi\u00e7\u00e3o \u00e9 de Milton Oliveira. O programa pode ser ouvido pelos <b>800 AM<\/b> e aqui no site da emissora. Saiba mais <b><a href=\"http:\/\/www.aprendizdomundo.com\/magazine\" target=\"_blank\" title=\"Magazine\">aprendizdomundo.com\/magazine<\/a><\/b>.<\/p>\n","protected":false},"excerpt":{"rendered":"<p>Talento em Destaque \u00e9 um quadro fixo do Magazine, programa que levamos ao ar de segunda a sexta, na faixa das 20 \u00e0s 21 horas. Com o objetivo de mostrar a m\u00fasica contempor\u00e2nea do Brasil e de Portugal, a cada audi\u00e7\u00e3o mostramos o trabalho de um artista ou grupo, tocando duas can\u00e7\u00f5es do destacado na [&hellip;]<\/p>\n","protected":false},"author":8,"featured_media":0,"comment_status":"closed","ping_status":"closed","sticky":false,"template":"","format":"standard","meta":{"episode_type":"","audio_file":"","cover_image":"","cover_image_id":"","duration":"","filesize":"","date_recorded":"","explicit":"","block":"","filesize_raw":"","footnotes":""},"categories":[1],"tags":[],"class_list":["post-4683","post","type-post","status-publish","format-standard","hentry","category-geral"],"acf":[],"_links":{"self":[{"href":"https:\/\/www.ufsm.br\/orgaos-suplementares\/radio\/wp-json\/wp\/v2\/posts\/4683","targetHints":{"allow":["GET"]}}],"collection":[{"href":"https:\/\/www.ufsm.br\/orgaos-suplementares\/radio\/wp-json\/wp\/v2\/posts"}],"about":[{"href":"https:\/\/www.ufsm.br\/orgaos-suplementares\/radio\/wp-json\/wp\/v2\/types\/post"}],"author":[{"embeddable":true,"href":"https:\/\/www.ufsm.br\/orgaos-suplementares\/radio\/wp-json\/wp\/v2\/users\/8"}],"replies":[{"embeddable":true,"href":"https:\/\/www.ufsm.br\/orgaos-suplementares\/radio\/wp-json\/wp\/v2\/comments?post=4683"}],"version-history":[{"count":0,"href":"https:\/\/www.ufsm.br\/orgaos-suplementares\/radio\/wp-json\/wp\/v2\/posts\/4683\/revisions"}],"wp:attachment":[{"href":"https:\/\/www.ufsm.br\/orgaos-suplementares\/radio\/wp-json\/wp\/v2\/media?parent=4683"}],"wp:term":[{"taxonomy":"category","embeddable":true,"href":"https:\/\/www.ufsm.br\/orgaos-suplementares\/radio\/wp-json\/wp\/v2\/categories?post=4683"},{"taxonomy":"post_tag","embeddable":true,"href":"https:\/\/www.ufsm.br\/orgaos-suplementares\/radio\/wp-json\/wp\/v2\/tags?post=4683"}],"curies":[{"name":"wp","href":"https:\/\/api.w.org\/{rel}","templated":true}]}}