{"id":4913,"date":"2017-04-04T19:08:48","date_gmt":"2017-04-04T22:08:48","guid":{"rendered":"https:\/\/www.ufsm.br\/orgaos-suplementares\/radio\/2017\/04\/04\/italiadisempre2017-04-22\/"},"modified":"2017-04-04T19:08:48","modified_gmt":"2017-04-04T22:08:48","slug":"italiadisempre2017-04-22","status":"publish","type":"post","link":"https:\/\/www.ufsm.br\/orgaos-suplementares\/radio\/2017\/04\/04\/italiadisempre2017-04-22","title":{"rendered":"Italia di Sempre na noite deste s\u00e1bado, 22\/04"},"content":{"rendered":"<p><img fetchpriority=\"high\" decoding=\"async\" class=\" alignleft size-full wp-image-4912\" style=\"margin-right: 10px; float: left;\" title=\"Italia di Sempre\" src=\"https:\/\/www.ufsm.br\/orgaos-suplementares\/radio\/wp-content\/uploads\/sites\/411\/2017\/04\/italiadisempre-5.jpg\" alt=\"Italia di Sempre\" width=\"250\" height=\"200\" \/>O <b>Italia di Sempre<\/b> \u00e9 um programa cultural voltado \u00e0 execu\u00e7\u00e3o de can\u00e7\u00f5es rom\u00e2nticas italianas, preferencialmente das d\u00e9cadas de 1960, 1970 e 1980.<\/p>\n<p><i>&#8220;Mi sono innamorato di te<br \/> Perch\u00e8 non avevo niente da fare<br \/> Il giorno volevo qualcuno da incontrare<br \/> La notte volevo qualcosa da sognare.<\/p>\n<p> Mi sono innamorato di te<br \/> Perch\u00e8 non potevo pi\u00f9 stare solo<br \/> Il giorno volevo parlare dei miei sogni<br \/> La notte, parlare d&#8217;amore&#8230;&#8221;<\/i> {Mi Sono Innamorato di Te, 1962}<\/p>\n<p>O <b>Italia di Sempre<\/b> vai ao ar pela <b>Universidade AM<\/b> todo s\u00e1bado, na faixa das 22h00 \u00e0s 23h00, com reprise no domingo, \u00e0s 19h00. A produ\u00e7\u00e3o e edi\u00e7\u00e3o \u00e9 de Milton Oliveira, com apresenta\u00e7\u00e3o de Helvio Cecchin. O programa pode ser ouvido pelos <b>800 AM<\/b> e aqui no site via web.<\/p>\n<p>A italianidade est\u00e1 presente em outros momentos da nossa programa\u00e7\u00e3o: <b>Canzoni della Domenica<\/b>, tocando as can\u00e7\u00f5es populares folcl\u00f3ricas da It\u00e1lia, no domingo, \u00e0s 08h00; <b>Benedetta Italia<\/b>, reunindo cultura, humor e m\u00fasica variada do pa\u00eds da bota, na quinta, \u00e0s 21h00; <b>Finestra Italiana<\/b>, quadro do programa <b><a title=\"Magazine\" target=\"_blank\" href=\"http:\/\/www.aprendizdomundo.com\/magazine\">Magazine<\/a><\/b> (20h00\/21h00), de segunda a sexta; e ainda o <b>Arquivo 800<\/b> dedica toda noite de ter\u00e7a para os grandes nomes da m\u00fasica italiana, \u00e0s 23h00.<\/p>\n","protected":false},"excerpt":{"rendered":"<p>O Italia di Sempre \u00e9 um programa cultural voltado \u00e0 execu\u00e7\u00e3o de can\u00e7\u00f5es rom\u00e2nticas italianas, preferencialmente das d\u00e9cadas de 1960, 1970 e 1980. &#8220;Mi sono innamorato di te Perch\u00e8 non avevo niente da fare Il giorno volevo qualcuno da incontrare La notte volevo qualcosa da sognare. Mi sono innamorato di te Perch\u00e8 non potevo pi\u00f9 [&hellip;]<\/p>\n","protected":false},"author":8,"featured_media":0,"comment_status":"closed","ping_status":"closed","sticky":false,"template":"","format":"standard","meta":{"episode_type":"","audio_file":"","cover_image":"","cover_image_id":"","duration":"","filesize":"","date_recorded":"","explicit":"","block":"","filesize_raw":"","footnotes":""},"categories":[1],"tags":[],"class_list":["post-4913","post","type-post","status-publish","format-standard","hentry","category-geral"],"acf":[],"_links":{"self":[{"href":"https:\/\/www.ufsm.br\/orgaos-suplementares\/radio\/wp-json\/wp\/v2\/posts\/4913","targetHints":{"allow":["GET"]}}],"collection":[{"href":"https:\/\/www.ufsm.br\/orgaos-suplementares\/radio\/wp-json\/wp\/v2\/posts"}],"about":[{"href":"https:\/\/www.ufsm.br\/orgaos-suplementares\/radio\/wp-json\/wp\/v2\/types\/post"}],"author":[{"embeddable":true,"href":"https:\/\/www.ufsm.br\/orgaos-suplementares\/radio\/wp-json\/wp\/v2\/users\/8"}],"replies":[{"embeddable":true,"href":"https:\/\/www.ufsm.br\/orgaos-suplementares\/radio\/wp-json\/wp\/v2\/comments?post=4913"}],"version-history":[{"count":0,"href":"https:\/\/www.ufsm.br\/orgaos-suplementares\/radio\/wp-json\/wp\/v2\/posts\/4913\/revisions"}],"wp:attachment":[{"href":"https:\/\/www.ufsm.br\/orgaos-suplementares\/radio\/wp-json\/wp\/v2\/media?parent=4913"}],"wp:term":[{"taxonomy":"category","embeddable":true,"href":"https:\/\/www.ufsm.br\/orgaos-suplementares\/radio\/wp-json\/wp\/v2\/categories?post=4913"},{"taxonomy":"post_tag","embeddable":true,"href":"https:\/\/www.ufsm.br\/orgaos-suplementares\/radio\/wp-json\/wp\/v2\/tags?post=4913"}],"curies":[{"name":"wp","href":"https:\/\/api.w.org\/{rel}","templated":true}]}}