{"id":5375,"date":"2017-06-02T16:44:14","date_gmt":"2017-06-02T19:44:14","guid":{"rendered":"https:\/\/www.ufsm.br\/orgaos-suplementares\/radio\/2017\/06\/02\/femina2017-06-01\/"},"modified":"2017-06-02T16:44:14","modified_gmt":"2017-06-02T19:44:14","slug":"femina2017-06-01","status":"publish","type":"post","link":"https:\/\/www.ufsm.br\/orgaos-suplementares\/radio\/2017\/06\/02\/femina2017-06-01","title":{"rendered":"Femina valoriza vozes brasileiras nesta quinta, 01\/06"},"content":{"rendered":"<p><img fetchpriority=\"high\" decoding=\"async\" class=\" alignleft size-full wp-image-5374\" style=\"margin-right: 10px; float: left;\" title=\"Femina\" src=\"https:\/\/www.ufsm.br\/orgaos-suplementares\/radio\/wp-content\/uploads\/sites\/411\/2017\/06\/femina-1.jpg\" alt=\"Femina\" width=\"250\" height=\"200\" \/>O programa <b>Femina<\/b> \u00e9 uma faixa musical voltada \u00e0 execu\u00e7\u00e3o de cantoras brasileiras contempor\u00e2neas, reunindo grava\u00e7\u00f5es dos anos 1980 \u00e0 atualidade, dando aten\u00e7\u00e3o especial \u00e0s novas vozes da nossa m\u00fasica.<\/p>\n<p>A sele\u00e7\u00e3o musical programada para hoje \u00e9 a seguinte:<\/p>\n<p>Luiza Caspary &#8211; Vem me Nanar<br \/> Zez\u00e9 Motta &#8211; Carnaval de Rua<br \/> Marina Lima &#8211; Charme do Mundo<br \/> Leila Pinheiro &#8211; Pout Pourri Bossa Nova<br \/> Paola Matos &#8211; Palco<br \/> Sara N\u00e3o Tem Nome &#8211; Carne Vermelha<br \/> Vanessa da Mata &#8211; Viagem<br \/> Regina Benedetti &#8211; Sentimento Confuso<br \/> Daniella Alcarpe &#8211; Somos Um<br \/> Roberta S\u00e1 &#8211; A Vizinha do Lado<br \/> J\u00e9ssica Nicola &#8211; Nosso Mundo<br \/> Z\u00e9lia Duncan &#8211; Improv\u00e1vel<br \/> Marjory Porto &#8211; Sonho de L\u00e1pis<br \/> Desire &#8211; Pensamento Ins\u00f3lito<\/p>\n<p>O <b>Femina<\/b> vai ao ar pela <b>Universidade AM<\/b> de segunda a sexta, na faixa das 14h05 \u00e0s 15h00. A sele\u00e7\u00e3o de repert\u00f3rio e edi\u00e7\u00e3o \u00e9 de Milton Oliveira. O programa pode ser ouvido pelos <b>800 AM<\/b> e aqui no site via web.<\/p>\n","protected":false},"excerpt":{"rendered":"<p>O programa Femina \u00e9 uma faixa musical voltada \u00e0 execu\u00e7\u00e3o de cantoras brasileiras contempor\u00e2neas, reunindo grava\u00e7\u00f5es dos anos 1980 \u00e0 atualidade, dando aten\u00e7\u00e3o especial \u00e0s novas vozes da nossa m\u00fasica. A sele\u00e7\u00e3o musical programada para hoje \u00e9 a seguinte: Luiza Caspary &#8211; Vem me Nanar Zez\u00e9 Motta &#8211; Carnaval de Rua Marina Lima &#8211; Charme [&hellip;]<\/p>\n","protected":false},"author":8,"featured_media":0,"comment_status":"closed","ping_status":"closed","sticky":false,"template":"","format":"standard","meta":{"episode_type":"","audio_file":"","cover_image":"","cover_image_id":"","duration":"","filesize":"","date_recorded":"","explicit":"","block":"","filesize_raw":"","footnotes":""},"categories":[1],"tags":[],"class_list":["post-5375","post","type-post","status-publish","format-standard","hentry","category-geral"],"acf":[],"_links":{"self":[{"href":"https:\/\/www.ufsm.br\/orgaos-suplementares\/radio\/wp-json\/wp\/v2\/posts\/5375","targetHints":{"allow":["GET"]}}],"collection":[{"href":"https:\/\/www.ufsm.br\/orgaos-suplementares\/radio\/wp-json\/wp\/v2\/posts"}],"about":[{"href":"https:\/\/www.ufsm.br\/orgaos-suplementares\/radio\/wp-json\/wp\/v2\/types\/post"}],"author":[{"embeddable":true,"href":"https:\/\/www.ufsm.br\/orgaos-suplementares\/radio\/wp-json\/wp\/v2\/users\/8"}],"replies":[{"embeddable":true,"href":"https:\/\/www.ufsm.br\/orgaos-suplementares\/radio\/wp-json\/wp\/v2\/comments?post=5375"}],"version-history":[{"count":0,"href":"https:\/\/www.ufsm.br\/orgaos-suplementares\/radio\/wp-json\/wp\/v2\/posts\/5375\/revisions"}],"wp:attachment":[{"href":"https:\/\/www.ufsm.br\/orgaos-suplementares\/radio\/wp-json\/wp\/v2\/media?parent=5375"}],"wp:term":[{"taxonomy":"category","embeddable":true,"href":"https:\/\/www.ufsm.br\/orgaos-suplementares\/radio\/wp-json\/wp\/v2\/categories?post=5375"},{"taxonomy":"post_tag","embeddable":true,"href":"https:\/\/www.ufsm.br\/orgaos-suplementares\/radio\/wp-json\/wp\/v2\/tags?post=5375"}],"curies":[{"name":"wp","href":"https:\/\/api.w.org\/{rel}","templated":true}]}}