{"id":5378,"date":"2017-06-02T16:44:55","date_gmt":"2017-06-02T19:44:55","guid":{"rendered":"https:\/\/www.ufsm.br\/orgaos-suplementares\/radio\/2017\/06\/02\/femina2017-06-02\/"},"modified":"2017-06-02T16:44:55","modified_gmt":"2017-06-02T19:44:55","slug":"femina2017-06-02","status":"publish","type":"post","link":"https:\/\/www.ufsm.br\/orgaos-suplementares\/radio\/2017\/06\/02\/femina2017-06-02","title":{"rendered":"Femina valoriza vozes brasileiras nesta sexta, 02\/06"},"content":{"rendered":"<p><img fetchpriority=\"high\" decoding=\"async\" class=\" alignleft size-full wp-image-5377\" style=\"margin-right: 10px; float: left;\" title=\"Femina\" src=\"https:\/\/www.ufsm.br\/orgaos-suplementares\/radio\/wp-content\/uploads\/sites\/411\/2017\/06\/femina-3.jpg\" alt=\"Femina\" width=\"250\" height=\"200\" \/>O programa <b>Femina<\/b> \u00e9 uma faixa musical voltada \u00e0 execu\u00e7\u00e3o de cantoras brasileiras contempor\u00e2neas, reunindo grava\u00e7\u00f5es dos anos 1980 \u00e0 atualidade, dando aten\u00e7\u00e3o especial \u00e0s novas vozes da nossa m\u00fasica.<\/p>\n<p>A sele\u00e7\u00e3o musical programada para hoje \u00e9 a seguinte:<\/p>\n<p>M\u00f4nica Salmaso e Tereza Cristina &#8211; Na Aldeia<br \/> Paula Fernandes &#8211; Eu Sem Voc\u00ea<br \/> Liah &#8211; Tudo que eu Sempre Quis<br \/> Maria Eug\u00eania &#8211; Brasil Pandeiro<br \/> Andrea Marquee &#8211; Que Nem Jil\u00f3<br \/> Julia Bosco &#8211; Ma\u00e7\u00e3 \u00daltima<br \/> Karina &#8211; A Linha Fina<br \/> Marianna Leporace &#8211; Fazer a Mala<br \/> Barbara Eug\u00eania &#8211; Ode Primitiva<br \/> Karyme Hass &#8211; Vou Partir<br \/> Mariana Baltar &#8211; Tia Eul\u00e1lia na Xiba<br \/> C\u00e9lia Porto &#8211; Perfei\u00e7\u00e3o<br \/> Mariana de Moraes &#8211; Vivo Sonhando<\/p>\n<p>O <b>Femina<\/b> vai ao ar pela <b>Universidade AM<\/b> de segunda a sexta, na faixa das 14h05 \u00e0s 15h00. A sele\u00e7\u00e3o de repert\u00f3rio e edi\u00e7\u00e3o \u00e9 de Milton Oliveira. O programa pode ser ouvido pelos <b>800 AM<\/b> e aqui no site via web.<\/p>\n","protected":false},"excerpt":{"rendered":"<p>O programa Femina \u00e9 uma faixa musical voltada \u00e0 execu\u00e7\u00e3o de cantoras brasileiras contempor\u00e2neas, reunindo grava\u00e7\u00f5es dos anos 1980 \u00e0 atualidade, dando aten\u00e7\u00e3o especial \u00e0s novas vozes da nossa m\u00fasica. A sele\u00e7\u00e3o musical programada para hoje \u00e9 a seguinte: M\u00f4nica Salmaso e Tereza Cristina &#8211; Na Aldeia Paula Fernandes &#8211; Eu Sem Voc\u00ea Liah &#8211; [&hellip;]<\/p>\n","protected":false},"author":8,"featured_media":0,"comment_status":"closed","ping_status":"closed","sticky":false,"template":"","format":"standard","meta":{"episode_type":"","audio_file":"","cover_image":"","cover_image_id":"","duration":"","filesize":"","date_recorded":"","explicit":"","block":"","filesize_raw":"","footnotes":""},"categories":[1],"tags":[],"class_list":["post-5378","post","type-post","status-publish","format-standard","hentry","category-geral"],"acf":[],"_links":{"self":[{"href":"https:\/\/www.ufsm.br\/orgaos-suplementares\/radio\/wp-json\/wp\/v2\/posts\/5378","targetHints":{"allow":["GET"]}}],"collection":[{"href":"https:\/\/www.ufsm.br\/orgaos-suplementares\/radio\/wp-json\/wp\/v2\/posts"}],"about":[{"href":"https:\/\/www.ufsm.br\/orgaos-suplementares\/radio\/wp-json\/wp\/v2\/types\/post"}],"author":[{"embeddable":true,"href":"https:\/\/www.ufsm.br\/orgaos-suplementares\/radio\/wp-json\/wp\/v2\/users\/8"}],"replies":[{"embeddable":true,"href":"https:\/\/www.ufsm.br\/orgaos-suplementares\/radio\/wp-json\/wp\/v2\/comments?post=5378"}],"version-history":[{"count":0,"href":"https:\/\/www.ufsm.br\/orgaos-suplementares\/radio\/wp-json\/wp\/v2\/posts\/5378\/revisions"}],"wp:attachment":[{"href":"https:\/\/www.ufsm.br\/orgaos-suplementares\/radio\/wp-json\/wp\/v2\/media?parent=5378"}],"wp:term":[{"taxonomy":"category","embeddable":true,"href":"https:\/\/www.ufsm.br\/orgaos-suplementares\/radio\/wp-json\/wp\/v2\/categories?post=5378"},{"taxonomy":"post_tag","embeddable":true,"href":"https:\/\/www.ufsm.br\/orgaos-suplementares\/radio\/wp-json\/wp\/v2\/tags?post=5378"}],"curies":[{"name":"wp","href":"https:\/\/api.w.org\/{rel}","templated":true}]}}