{"id":5390,"date":"2017-06-02T16:47:04","date_gmt":"2017-06-02T19:47:04","guid":{"rendered":"https:\/\/www.ufsm.br\/orgaos-suplementares\/radio\/2017\/06\/02\/atracaonacional2017-06-01\/"},"modified":"2017-06-02T16:47:04","modified_gmt":"2017-06-02T19:47:04","slug":"atracaonacional2017-06-01","status":"publish","type":"post","link":"https:\/\/www.ufsm.br\/orgaos-suplementares\/radio\/2017\/06\/02\/atracaonacional2017-06-01","title":{"rendered":"Atra\u00e7\u00e3o Nacional toca o grupo Mamelungos nesta quinta, 01\/06"},"content":{"rendered":"<p><img fetchpriority=\"high\" decoding=\"async\" class=\" alignleft size-full wp-image-5389\" style=\"margin-right: 10px; float: left;\" title=\"Atra\u00e7\u00e3o Nacional\" src=\"https:\/\/www.ufsm.br\/orgaos-suplementares\/radio\/wp-content\/uploads\/sites\/411\/2017\/06\/atracaonacional-1.jpg\" alt=\"Atra\u00e7\u00e3o Nacional\" width=\"250\" height=\"200\" \/><b>Atra\u00e7\u00e3o Nacional<\/b> \u00e9 um programa cultural voltado \u00e0 execu\u00e7\u00e3o de artistas brasileiros contempor\u00e2neos, particularmente novas vozes da nossa m\u00fasica. Cada audi\u00e7\u00e3o destaca um talento, tocando uma sele\u00e7\u00e3o de suas grava\u00e7\u00f5es ou seu lan\u00e7amento mais recente na \u00edntegra.<\/p>\n<p>Nesta semana, o destaque \u00e9 a banda <b>Mamelungos<\/b>. No nordeste, a mistura das palavras mamulengo, mameluco e malungo, que caracterizam a cultura e a miscigena\u00e7\u00e3o pernambucana, resultou no nome desta banda atuante do Recife. A Mamelungos, reunida na virada de 2009, tem uma forma\u00e7\u00e3o de quatro cantores que tamb\u00e9m s\u00e3o compositores e instrumentistas. S\u00e3o eles, Wer\u00e9 Lima, cavaquinho, viol\u00e3o e percuss\u00e3o; Thiago Hoover, guitarra; Luccas Maia, contrabaixo; e Peu Lima, bateria e ukelele. O disco de estreia, lan\u00e7ado em 2010, com o nome da banda na capa, foi produzido e arranjado pelos integrantes. O segundo trabalho teve lan\u00e7amento em 2016, com o t\u00edtulo Esse \u00e9 o Nosso Mundo.<\/p>\n<p>O <b>Atra\u00e7\u00e3o Nacional<\/b> vai ao ar pela <b>Universidade AM<\/b> toda quinta, na faixa das 22h00 \u00e0s 23h00. A pesquisa, produ\u00e7\u00e3o, apresenta\u00e7\u00e3o e edi\u00e7\u00e3o \u00e9 de Milton Oliveira. O programa pode ser ouvido pelos <b>800 AM<\/b> e aqui no site via web.<\/p>\n","protected":false},"excerpt":{"rendered":"<p>Atra\u00e7\u00e3o Nacional \u00e9 um programa cultural voltado \u00e0 execu\u00e7\u00e3o de artistas brasileiros contempor\u00e2neos, particularmente novas vozes da nossa m\u00fasica. Cada audi\u00e7\u00e3o destaca um talento, tocando uma sele\u00e7\u00e3o de suas grava\u00e7\u00f5es ou seu lan\u00e7amento mais recente na \u00edntegra. Nesta semana, o destaque \u00e9 a banda Mamelungos. No nordeste, a mistura das palavras mamulengo, mameluco e malungo, [&hellip;]<\/p>\n","protected":false},"author":8,"featured_media":0,"comment_status":"closed","ping_status":"closed","sticky":false,"template":"","format":"standard","meta":{"episode_type":"","audio_file":"","cover_image":"","cover_image_id":"","duration":"","filesize":"","date_recorded":"","explicit":"","block":"","filesize_raw":"","footnotes":""},"categories":[1],"tags":[],"class_list":["post-5390","post","type-post","status-publish","format-standard","hentry","category-geral"],"acf":[],"_links":{"self":[{"href":"https:\/\/www.ufsm.br\/orgaos-suplementares\/radio\/wp-json\/wp\/v2\/posts\/5390","targetHints":{"allow":["GET"]}}],"collection":[{"href":"https:\/\/www.ufsm.br\/orgaos-suplementares\/radio\/wp-json\/wp\/v2\/posts"}],"about":[{"href":"https:\/\/www.ufsm.br\/orgaos-suplementares\/radio\/wp-json\/wp\/v2\/types\/post"}],"author":[{"embeddable":true,"href":"https:\/\/www.ufsm.br\/orgaos-suplementares\/radio\/wp-json\/wp\/v2\/users\/8"}],"replies":[{"embeddable":true,"href":"https:\/\/www.ufsm.br\/orgaos-suplementares\/radio\/wp-json\/wp\/v2\/comments?post=5390"}],"version-history":[{"count":0,"href":"https:\/\/www.ufsm.br\/orgaos-suplementares\/radio\/wp-json\/wp\/v2\/posts\/5390\/revisions"}],"wp:attachment":[{"href":"https:\/\/www.ufsm.br\/orgaos-suplementares\/radio\/wp-json\/wp\/v2\/media?parent=5390"}],"wp:term":[{"taxonomy":"category","embeddable":true,"href":"https:\/\/www.ufsm.br\/orgaos-suplementares\/radio\/wp-json\/wp\/v2\/categories?post=5390"},{"taxonomy":"post_tag","embeddable":true,"href":"https:\/\/www.ufsm.br\/orgaos-suplementares\/radio\/wp-json\/wp\/v2\/tags?post=5390"}],"curies":[{"name":"wp","href":"https:\/\/api.w.org\/{rel}","templated":true}]}}