{"id":558,"date":"2013-04-09T15:30:00","date_gmt":"2013-04-09T18:30:00","guid":{"rendered":"https:\/\/www.ufsm.br\/orgaos-suplementares\/radio\/2013\/04\/09\/bandafuzileirosnavais\/"},"modified":"2013-04-09T15:30:00","modified_gmt":"2013-04-09T18:30:00","slug":"bandafuzileirosnavais","status":"publish","type":"post","link":"https:\/\/www.ufsm.br\/orgaos-suplementares\/radio\/2013\/04\/09\/bandafuzileirosnavais","title":{"rendered":"R\u00e1dio Universidade transmite apresenta\u00e7\u00e3o da Banda dos Fuzileiros Navais"},"content":{"rendered":"<p><img decoding=\"async\" align=\"left\" style=\"margin: 5px\" title=\"Banda dos Fuzileiros Navais\" alt=\"Banda dos Fuzileiros Navais\" src=\"https:\/\/www.ufsm.br\/orgaos-suplementares\/radio\/wp-content\/uploads\/sites\/411\/2013\/04\/bfuzileiros.jpg\">A <b>R\u00e1dio Universidade AM<\/b> transmite nesta quarta,  10\/04, a apresenta\u00e7\u00e3o da <b>Banda dos Fuzileiros Navais<\/b>  no Campus da <b> <a title=\"Portal UFSM\" target=\"_blank\" href=\"http:\/\/www.ufsm.br\/\">UFSM<\/a><\/b>.<\/p>\n<p> O espet\u00e1culo acontece a apartir das 13h30 no Largo do  Planet\u00e1rio. A banda tem mais duas apresenta\u00e7\u00f5es agendadas para  Santa Maria, uma pela manh\u00e3, \u00e0s 08h00, na Pra\u00e7a Saldanha  Marinho, e outra \u00e0s 19h30, na Pra\u00e7a General Os\u00f3rio, em frente ao  Mallet.<\/p>\n<p> Os eventos aqui na cidade s\u00e3o uma homenagem \u00e0s v\u00edtimas da  trag\u00e9dia de 27\/01 e contam com a parceria da AVTSM (Associa\u00e7\u00e3o  dos Familiares de V\u00edtimas e Sobreviventes da Trag\u00e9dia de Santa  Maria.<\/p>\n<p> A <b>Banda Marcial dos Fuzileiros Navais<\/b> \u00e9 uma das  maiores da Am\u00e9rica Latina, com 98 integrantes, e est\u00e1 sediada no  Rio de Janeiro.<\/p>\n","protected":false},"excerpt":{"rendered":"<p>A R\u00e1dio Universidade AM transmite nesta quarta, 10\/04, a apresenta\u00e7\u00e3o da Banda dos Fuzileiros Navais no Campus da UFSM. O espet\u00e1culo acontece a apartir das 13h30 no Largo do Planet\u00e1rio. A banda tem mais duas apresenta\u00e7\u00f5es agendadas para Santa Maria, uma pela manh\u00e3, \u00e0s 08h00, na Pra\u00e7a Saldanha Marinho, e outra \u00e0s 19h30, na Pra\u00e7a [&hellip;]<\/p>\n","protected":false},"author":8,"featured_media":557,"comment_status":"closed","ping_status":"closed","sticky":false,"template":"","format":"standard","meta":{"episode_type":"","audio_file":"","cover_image":"","cover_image_id":"","duration":"","filesize":"","date_recorded":"","explicit":"","block":"","filesize_raw":"","footnotes":""},"categories":[1],"tags":[],"class_list":["post-558","post","type-post","status-publish","format-standard","has-post-thumbnail","hentry","category-geral"],"acf":[],"_links":{"self":[{"href":"https:\/\/www.ufsm.br\/orgaos-suplementares\/radio\/wp-json\/wp\/v2\/posts\/558","targetHints":{"allow":["GET"]}}],"collection":[{"href":"https:\/\/www.ufsm.br\/orgaos-suplementares\/radio\/wp-json\/wp\/v2\/posts"}],"about":[{"href":"https:\/\/www.ufsm.br\/orgaos-suplementares\/radio\/wp-json\/wp\/v2\/types\/post"}],"author":[{"embeddable":true,"href":"https:\/\/www.ufsm.br\/orgaos-suplementares\/radio\/wp-json\/wp\/v2\/users\/8"}],"replies":[{"embeddable":true,"href":"https:\/\/www.ufsm.br\/orgaos-suplementares\/radio\/wp-json\/wp\/v2\/comments?post=558"}],"version-history":[{"count":0,"href":"https:\/\/www.ufsm.br\/orgaos-suplementares\/radio\/wp-json\/wp\/v2\/posts\/558\/revisions"}],"wp:featuredmedia":[{"embeddable":true,"href":"https:\/\/www.ufsm.br\/orgaos-suplementares\/radio\/wp-json\/wp\/v2\/media\/557"}],"wp:attachment":[{"href":"https:\/\/www.ufsm.br\/orgaos-suplementares\/radio\/wp-json\/wp\/v2\/media?parent=558"}],"wp:term":[{"taxonomy":"category","embeddable":true,"href":"https:\/\/www.ufsm.br\/orgaos-suplementares\/radio\/wp-json\/wp\/v2\/categories?post=558"},{"taxonomy":"post_tag","embeddable":true,"href":"https:\/\/www.ufsm.br\/orgaos-suplementares\/radio\/wp-json\/wp\/v2\/tags?post=558"}],"curies":[{"name":"wp","href":"https:\/\/api.w.org\/{rel}","templated":true}]}}