{"id":564,"date":"2013-04-12T20:46:00","date_gmt":"2013-04-12T23:46:00","guid":{"rendered":"https:\/\/www.ufsm.br\/orgaos-suplementares\/radio\/2013\/04\/12\/saoborja\/"},"modified":"2013-04-12T20:46:00","modified_gmt":"2013-04-12T23:46:00","slug":"saoborja","status":"publish","type":"post","link":"https:\/\/www.ufsm.br\/orgaos-suplementares\/radio\/2013\/04\/12\/saoborja","title":{"rendered":"Campus da Gente visita S\u00e3o Borja"},"content":{"rendered":"<p><img decoding=\"async\" align=\"left\" style=\"margin: 5px\" title=\"Campus da Gente\" alt=\"Campus da Gente\" src=\"https:\/\/www.ufsm.br\/orgaos-suplementares\/radio\/wp-content\/uploads\/sites\/411\/2013\/04\/campusdagente-1.jpg\">Na  quinta, 18\/04, o <b>Campus da Gente<\/b> visita o P\u00f3lo  e-Tec Brasil de <b>S\u00e3o Borja<\/b>, abrindo sua nova  temporada de transmiss\u00f5es externas.<\/p>\n<p> O munic\u00edpio de <b>S\u00e3o Borja<\/b> est\u00e1 localizado na  regi\u00e3o oeste do Rio Grande do Sul, a 600 km da capital Porto  Alegre. Foi fundado em 1682 pelos padres jesu\u00edtas, sendo a  primeira cidade dos Sete Povos das Miss\u00f5es. A lei estadual  13.041\/2009 declarou oficialmente <b>S\u00e3o Borja<\/b>  como a &quot;Terra dos Presidentes&quot;, por ser cidade natal de dois  ex-presidentes do Brasil, Get\u00falio Vargas e Jo\u00e3o Goulart.<\/p>\n<p> O <b>Campus da Gente<\/b>, ao vivo, vai ao ar pela <b>R\u00e1dio Universidade<\/b> das 09h30 \u00e0s 11h00, com  produ\u00e7\u00e3o e apresenta\u00e7\u00e3o de Roberto Montagner. Nessa transmiss\u00e3o,  Cleber Newton Costa divide a apresenta\u00e7\u00e3o do programa com o  titular e S\u00e9rgio Cruz \u00e9 respons\u00e1vel pelos trabalhos t\u00e9cnicos. O  programa pode ser ouvido pelos <b>800 AM<\/b> e aqui no  blog via web.<\/p>\n","protected":false},"excerpt":{"rendered":"<p>Na quinta, 18\/04, o Campus da Gente visita o P\u00f3lo e-Tec Brasil de S\u00e3o Borja, abrindo sua nova temporada de transmiss\u00f5es externas. O munic\u00edpio de S\u00e3o Borja est\u00e1 localizado na regi\u00e3o oeste do Rio Grande do Sul, a 600 km da capital Porto Alegre. Foi fundado em 1682 pelos padres jesu\u00edtas, sendo a primeira cidade [&hellip;]<\/p>\n","protected":false},"author":8,"featured_media":0,"comment_status":"closed","ping_status":"closed","sticky":false,"template":"","format":"standard","meta":{"episode_type":"","audio_file":"","cover_image":"","cover_image_id":"","duration":"","filesize":"","date_recorded":"","explicit":"","block":"","filesize_raw":"","footnotes":""},"categories":[1],"tags":[],"class_list":["post-564","post","type-post","status-publish","format-standard","hentry","category-geral"],"acf":[],"_links":{"self":[{"href":"https:\/\/www.ufsm.br\/orgaos-suplementares\/radio\/wp-json\/wp\/v2\/posts\/564","targetHints":{"allow":["GET"]}}],"collection":[{"href":"https:\/\/www.ufsm.br\/orgaos-suplementares\/radio\/wp-json\/wp\/v2\/posts"}],"about":[{"href":"https:\/\/www.ufsm.br\/orgaos-suplementares\/radio\/wp-json\/wp\/v2\/types\/post"}],"author":[{"embeddable":true,"href":"https:\/\/www.ufsm.br\/orgaos-suplementares\/radio\/wp-json\/wp\/v2\/users\/8"}],"replies":[{"embeddable":true,"href":"https:\/\/www.ufsm.br\/orgaos-suplementares\/radio\/wp-json\/wp\/v2\/comments?post=564"}],"version-history":[{"count":0,"href":"https:\/\/www.ufsm.br\/orgaos-suplementares\/radio\/wp-json\/wp\/v2\/posts\/564\/revisions"}],"wp:attachment":[{"href":"https:\/\/www.ufsm.br\/orgaos-suplementares\/radio\/wp-json\/wp\/v2\/media?parent=564"}],"wp:term":[{"taxonomy":"category","embeddable":true,"href":"https:\/\/www.ufsm.br\/orgaos-suplementares\/radio\/wp-json\/wp\/v2\/categories?post=564"},{"taxonomy":"post_tag","embeddable":true,"href":"https:\/\/www.ufsm.br\/orgaos-suplementares\/radio\/wp-json\/wp\/v2\/tags?post=564"}],"curies":[{"name":"wp","href":"https:\/\/api.w.org\/{rel}","templated":true}]}}