{"id":567,"date":"2013-04-18T16:16:00","date_gmt":"2013-04-18T19:16:00","guid":{"rendered":"https:\/\/www.ufsm.br\/orgaos-suplementares\/radio\/2013\/04\/18\/campusdagentesaoborja\/"},"modified":"2013-04-18T16:16:00","modified_gmt":"2013-04-18T19:16:00","slug":"campusdagentesaoborja","status":"publish","type":"post","link":"https:\/\/www.ufsm.br\/orgaos-suplementares\/radio\/2013\/04\/18\/campusdagentesaoborja","title":{"rendered":"Campus da Gente apresenta especial nesta sexta, 19\/04"},"content":{"rendered":"<p><img decoding=\"async\" align=\"left\" style=\"margin: 5px\" title=\"Campus da Gente\" alt=\"Campus da Gente\" src=\"https:\/\/www.ufsm.br\/orgaos-suplementares\/radio\/wp-content\/uploads\/sites\/411\/2013\/04\/campusdagente-3.jpg\">Nesta  sexta, 19\/04, o <b>Campus da Gente<\/b> apresenta  especial sobre a visita ao P\u00f3lo e-Tec Brasil de <b>S\u00e3o  Borja<\/b>. O programa, que deveria acontecer ao vivo nesta  quinta, n\u00e3o pode ser transmitido por problemas na linha  telef\u00f4nica, de responsabilidade de companhia privada.<\/p>\n<p> O munic\u00edpio de <b>S\u00e3o Borja<\/b> est\u00e1 localizado na  regi\u00e3o oeste do Rio Grande do Sul, a 600 km da capital Porto  Alegre. Foi fundado em 1682 pelos padres jesu\u00edtas, sendo a  primeira cidade dos Sete Povos das Miss\u00f5es. A lei estadual  13.041\/2009 declarou oficialmente <b>S\u00e3o Borja<\/b>  como a &quot;Terra dos Presidentes&quot;, por ser cidade natal de dois  ex-presidentes do Brasil, Get\u00falio Vargas e Jo\u00e3o Goulart.<\/p>\n<p> O <b>Campus da Gente<\/b>, ao vivo, vai ao ar pela <b>R\u00e1dio Universidade<\/b> das 09h30 \u00e0s 11h00, com  produ\u00e7\u00e3o e apresenta\u00e7\u00e3o de Roberto Montagner. Nessa transmiss\u00e3o,  Cleber Newton Costa divide a apresenta\u00e7\u00e3o do programa com o  titular e S\u00e9rgio Cruz foi respons\u00e1vel pelas grava\u00e7\u00f5es. O  programa pode ser ouvido pelos <b>800 AM<\/b> e aqui no  blog via web.<\/p>\n","protected":false},"excerpt":{"rendered":"<p>Nesta sexta, 19\/04, o Campus da Gente apresenta especial sobre a visita ao P\u00f3lo e-Tec Brasil de S\u00e3o Borja. O programa, que deveria acontecer ao vivo nesta quinta, n\u00e3o pode ser transmitido por problemas na linha telef\u00f4nica, de responsabilidade de companhia privada. O munic\u00edpio de S\u00e3o Borja est\u00e1 localizado na regi\u00e3o oeste do Rio Grande [&hellip;]<\/p>\n","protected":false},"author":8,"featured_media":0,"comment_status":"closed","ping_status":"closed","sticky":false,"template":"","format":"standard","meta":{"episode_type":"","audio_file":"","cover_image":"","cover_image_id":"","duration":"","filesize":"","date_recorded":"","explicit":"","block":"","filesize_raw":"","footnotes":""},"categories":[1],"tags":[],"class_list":["post-567","post","type-post","status-publish","format-standard","hentry","category-geral"],"acf":[],"_links":{"self":[{"href":"https:\/\/www.ufsm.br\/orgaos-suplementares\/radio\/wp-json\/wp\/v2\/posts\/567","targetHints":{"allow":["GET"]}}],"collection":[{"href":"https:\/\/www.ufsm.br\/orgaos-suplementares\/radio\/wp-json\/wp\/v2\/posts"}],"about":[{"href":"https:\/\/www.ufsm.br\/orgaos-suplementares\/radio\/wp-json\/wp\/v2\/types\/post"}],"author":[{"embeddable":true,"href":"https:\/\/www.ufsm.br\/orgaos-suplementares\/radio\/wp-json\/wp\/v2\/users\/8"}],"replies":[{"embeddable":true,"href":"https:\/\/www.ufsm.br\/orgaos-suplementares\/radio\/wp-json\/wp\/v2\/comments?post=567"}],"version-history":[{"count":0,"href":"https:\/\/www.ufsm.br\/orgaos-suplementares\/radio\/wp-json\/wp\/v2\/posts\/567\/revisions"}],"wp:attachment":[{"href":"https:\/\/www.ufsm.br\/orgaos-suplementares\/radio\/wp-json\/wp\/v2\/media?parent=567"}],"wp:term":[{"taxonomy":"category","embeddable":true,"href":"https:\/\/www.ufsm.br\/orgaos-suplementares\/radio\/wp-json\/wp\/v2\/categories?post=567"},{"taxonomy":"post_tag","embeddable":true,"href":"https:\/\/www.ufsm.br\/orgaos-suplementares\/radio\/wp-json\/wp\/v2\/tags?post=567"}],"curies":[{"name":"wp","href":"https:\/\/api.w.org\/{rel}","templated":true}]}}