{"id":569,"date":"2013-04-19T13:00:00","date_gmt":"2013-04-19T16:00:00","guid":{"rendered":"https:\/\/www.ufsm.br\/orgaos-suplementares\/radio\/2013\/04\/19\/musicalitalianoestreia\/"},"modified":"2013-04-19T13:00:00","modified_gmt":"2013-04-19T16:00:00","slug":"musicalitalianoestreia","status":"publish","type":"post","link":"https:\/\/www.ufsm.br\/orgaos-suplementares\/radio\/2013\/04\/19\/musicalitalianoestreia","title":{"rendered":"Musical Italiano estreia na programa\u00e7\u00e3o da Universidade AM nesta segunda"},"content":{"rendered":"<p><img decoding=\"async\" align=\"left\" style=\"margin: 5px\" title=\"It\u00e1lia\" alt=\"It\u00e1lia\" src=\"https:\/\/www.ufsm.br\/orgaos-suplementares\/radio\/wp-content\/uploads\/sites\/411\/2013\/04\/italia.gif\">Nesta  segunda, <b>22\/04<\/b>, estreia na programa\u00e7\u00e3o da <b>R\u00e1dio Universidade AM<\/b> o espa\u00e7o <b>Musical  Italiano<\/b>.<\/p>\n<p> O programa vai destacar todas as segundas, das 21h00 \u00e0s 22h00, e  ter\u00e7as, das 22h00 \u00e0s 23h00, o melhor da m\u00fasica popular da  It\u00e1lia. A cria\u00e7\u00e3o do espa\u00e7o \u00e9 do programador <b>Milton  Oliveira<\/b>, que tamb\u00e9m responde pela sele\u00e7\u00e3o de  repert\u00f3rio, apresenta\u00e7\u00e3o e edi\u00e7\u00e3o.<\/p>\n<p> O elenco do espa\u00e7o inclui grandes nomes do &quot;pa\u00eds da bota&quot;, como  Laura Pausini, Sergio Endrigo, Jimmy Fontana, Fabrizio de Andre,  Adriano Celentano, I Santo California, Gianni Morandi, Al Bano &amp;  Romina Power, Claudio Baglioni, Francesco de Gregori, Mafalda  Minnozzi, Pooh, Gigliola Cinquetti, Mina, Gigi d\u2019Alessio, Amedeo  Minghi, Domenico Modugno, Andrea Bocelli, Wilma Goich, Ricchi &amp;  Poveri, Pino Daniele, Antonello Venditti, Toto Cotugno, Zucchero,  Bobby Solo, Eros Ramazzotti, Lucio Dalla, Ornella Vanoni,  Peppino di Capri, Wess &amp; Dori Ghezzi e Rita Pavone. E os  &quot;brasilianos&quot; D\u00e9lcio Tavares, In\u00eas Rizzardo, Edgar Pozzer,  Canzoni d\u2019Arte e Beto Valduga.<\/p>\n","protected":false},"excerpt":{"rendered":"<p>Nesta segunda, 22\/04, estreia na programa\u00e7\u00e3o da R\u00e1dio Universidade AM o espa\u00e7o Musical Italiano. O programa vai destacar todas as segundas, das 21h00 \u00e0s 22h00, e ter\u00e7as, das 22h00 \u00e0s 23h00, o melhor da m\u00fasica popular da It\u00e1lia. A cria\u00e7\u00e3o do espa\u00e7o \u00e9 do programador Milton Oliveira, que tamb\u00e9m responde pela sele\u00e7\u00e3o de repert\u00f3rio, apresenta\u00e7\u00e3o [&hellip;]<\/p>\n","protected":false},"author":8,"featured_media":568,"comment_status":"closed","ping_status":"closed","sticky":false,"template":"","format":"standard","meta":{"episode_type":"","audio_file":"","cover_image":"","cover_image_id":"","duration":"","filesize":"","date_recorded":"","explicit":"","block":"","filesize_raw":"","footnotes":""},"categories":[1],"tags":[],"class_list":["post-569","post","type-post","status-publish","format-standard","has-post-thumbnail","hentry","category-geral"],"acf":[],"_links":{"self":[{"href":"https:\/\/www.ufsm.br\/orgaos-suplementares\/radio\/wp-json\/wp\/v2\/posts\/569","targetHints":{"allow":["GET"]}}],"collection":[{"href":"https:\/\/www.ufsm.br\/orgaos-suplementares\/radio\/wp-json\/wp\/v2\/posts"}],"about":[{"href":"https:\/\/www.ufsm.br\/orgaos-suplementares\/radio\/wp-json\/wp\/v2\/types\/post"}],"author":[{"embeddable":true,"href":"https:\/\/www.ufsm.br\/orgaos-suplementares\/radio\/wp-json\/wp\/v2\/users\/8"}],"replies":[{"embeddable":true,"href":"https:\/\/www.ufsm.br\/orgaos-suplementares\/radio\/wp-json\/wp\/v2\/comments?post=569"}],"version-history":[{"count":0,"href":"https:\/\/www.ufsm.br\/orgaos-suplementares\/radio\/wp-json\/wp\/v2\/posts\/569\/revisions"}],"wp:featuredmedia":[{"embeddable":true,"href":"https:\/\/www.ufsm.br\/orgaos-suplementares\/radio\/wp-json\/wp\/v2\/media\/568"}],"wp:attachment":[{"href":"https:\/\/www.ufsm.br\/orgaos-suplementares\/radio\/wp-json\/wp\/v2\/media?parent=569"}],"wp:term":[{"taxonomy":"category","embeddable":true,"href":"https:\/\/www.ufsm.br\/orgaos-suplementares\/radio\/wp-json\/wp\/v2\/categories?post=569"},{"taxonomy":"post_tag","embeddable":true,"href":"https:\/\/www.ufsm.br\/orgaos-suplementares\/radio\/wp-json\/wp\/v2\/tags?post=569"}],"curies":[{"name":"wp","href":"https:\/\/api.w.org\/{rel}","templated":true}]}}