{"id":574,"date":"2013-05-02T20:01:00","date_gmt":"2013-05-02T23:01:00","guid":{"rendered":"https:\/\/www.ufsm.br\/orgaos-suplementares\/radio\/2013\/05\/02\/uniinstrumentaldevolta\/"},"modified":"2013-05-02T20:01:00","modified_gmt":"2013-05-02T23:01:00","slug":"uniinstrumentaldevolta","status":"publish","type":"post","link":"https:\/\/www.ufsm.br\/orgaos-suplementares\/radio\/2013\/05\/02\/uniinstrumentaldevolta","title":{"rendered":"Universidade Instrumental retorna \u00e0 grade dos 800 AM"},"content":{"rendered":"<p><img decoding=\"async\" align=\"left\" style=\"margin: 5px\" title=\"Universidade Instrumental\" alt=\"Universidade Instrumental\" src=\"https:\/\/www.ufsm.br\/orgaos-suplementares\/radio\/wp-content\/uploads\/sites\/411\/2013\/05\/instrumental.jpg\">Os  grandes nomes da m\u00fasica instrumental brasileira contempor\u00e2nea  ganham neste domingo, 05\/05, um espa\u00e7o especial na programa\u00e7\u00e3o  da <b>R\u00e1dio Universidade AM<\/b>. Ao meio-dia  reativamos em nossa grade o <b>Universidade Instrumental<\/b>,  programa que por muitos anos integrou nossa programa\u00e7\u00e3o.<\/p>\n<p> A partir de agora, a cada domingo, o <b>Universidade  Instrumental<\/b> vai promover um desfile de nomes como  Wagner Tiso, Pedrinho Mattar, Marcos Ariel, Zimbo Trio, Paulinho  Nogueira, Luiz E\u00e7a, Helena Meirelles, Altamiro Carrilho, Grupo  de Percuss\u00e3o da UFSM, Paulo Moura, Renato Borguetti, Quarteto de  Bras\u00edlia, Jo\u00e3o de Aquino, Henrique Cazes, Hermeto Pascoal, Tom  Jobim, Milton Banana Trio, Azimuth e tantos outros  representantes da nossa mais pura m\u00fasica brasileira.<\/p>\n<p> O <b>Universidade Instrumental<\/b> vai ao ar pela  R\u00e1dio Universidade todo domingo, das 12h00 \u00e0s 13h00, com  produ\u00e7\u00e3o, sele\u00e7\u00e3o de repert\u00f3rio, apresenta\u00e7\u00e3o e edi\u00e7\u00e3o de Milton  Oliveira. O programa pode ser ouvido pelos <b>800 AM<\/b>  e aqui no blog via web.<\/p>\n","protected":false},"excerpt":{"rendered":"<p>Os grandes nomes da m\u00fasica instrumental brasileira contempor\u00e2nea ganham neste domingo, 05\/05, um espa\u00e7o especial na programa\u00e7\u00e3o da R\u00e1dio Universidade AM. Ao meio-dia reativamos em nossa grade o Universidade Instrumental, programa que por muitos anos integrou nossa programa\u00e7\u00e3o. A partir de agora, a cada domingo, o Universidade Instrumental vai promover um desfile de nomes como [&hellip;]<\/p>\n","protected":false},"author":8,"featured_media":0,"comment_status":"closed","ping_status":"closed","sticky":false,"template":"","format":"standard","meta":{"episode_type":"","audio_file":"","cover_image":"","cover_image_id":"","duration":"","filesize":"","date_recorded":"","explicit":"","block":"","filesize_raw":"","footnotes":""},"categories":[1],"tags":[],"class_list":["post-574","post","type-post","status-publish","format-standard","hentry","category-geral"],"acf":[],"_links":{"self":[{"href":"https:\/\/www.ufsm.br\/orgaos-suplementares\/radio\/wp-json\/wp\/v2\/posts\/574","targetHints":{"allow":["GET"]}}],"collection":[{"href":"https:\/\/www.ufsm.br\/orgaos-suplementares\/radio\/wp-json\/wp\/v2\/posts"}],"about":[{"href":"https:\/\/www.ufsm.br\/orgaos-suplementares\/radio\/wp-json\/wp\/v2\/types\/post"}],"author":[{"embeddable":true,"href":"https:\/\/www.ufsm.br\/orgaos-suplementares\/radio\/wp-json\/wp\/v2\/users\/8"}],"replies":[{"embeddable":true,"href":"https:\/\/www.ufsm.br\/orgaos-suplementares\/radio\/wp-json\/wp\/v2\/comments?post=574"}],"version-history":[{"count":0,"href":"https:\/\/www.ufsm.br\/orgaos-suplementares\/radio\/wp-json\/wp\/v2\/posts\/574\/revisions"}],"wp:attachment":[{"href":"https:\/\/www.ufsm.br\/orgaos-suplementares\/radio\/wp-json\/wp\/v2\/media?parent=574"}],"wp:term":[{"taxonomy":"category","embeddable":true,"href":"https:\/\/www.ufsm.br\/orgaos-suplementares\/radio\/wp-json\/wp\/v2\/categories?post=574"},{"taxonomy":"post_tag","embeddable":true,"href":"https:\/\/www.ufsm.br\/orgaos-suplementares\/radio\/wp-json\/wp\/v2\/tags?post=574"}],"curies":[{"name":"wp","href":"https:\/\/api.w.org\/{rel}","templated":true}]}}