{"id":581,"date":"2013-06-07T18:05:00","date_gmt":"2013-06-07T21:05:00","guid":{"rendered":"https:\/\/www.ufsm.br\/orgaos-suplementares\/radio\/2013\/06\/07\/copadasconfederacoes\/"},"modified":"2013-06-07T18:05:00","modified_gmt":"2013-06-07T21:05:00","slug":"copadasconfederacoes","status":"publish","type":"post","link":"https:\/\/www.ufsm.br\/orgaos-suplementares\/radio\/2013\/06\/07\/copadasconfederacoes","title":{"rendered":"R\u00e1dio Universidade na cobertura da Copa das Confedera\u00e7\u00f5es"},"content":{"rendered":"<p><img decoding=\"async\" align=\"left\" style=\"margin: 5px\" title=\"Copa das Confedera\u00e7\u00f5es 2013\" alt=\"Copa das Confedera\u00e7\u00f5es 2013\" src=\"https:\/\/www.ufsm.br\/orgaos-suplementares\/radio\/wp-content\/uploads\/sites\/411\/2013\/06\/copaconfederacoes-1.jpg\">  A <b>R\u00e1dio Universidade AM<\/b>, emissora p\u00fablica da  Universidade Federal de Santa Maria, \u00e9 uma das emissoras  afiliadas da <b>EBC<\/b> (Empresa Brasil de  Comunica\u00e7\u00e3o) que retransmitem a <b>Copa das Confedera\u00e7\u00f5es  2013<\/b> a partir do pr\u00f3ximo dia 15\/06.<\/p>\n<p> Desde 2001, a <b>Copa das Confedera\u00e7\u00f5es<\/b> \u00e9  realizada como principal evento teste para a <b>Copa do  Mundo<\/b>, sendo disputada sempre no pa\u00eds sede do evento  maior, um ano antes deste que \u00e9 o maior certame de futebol do  planeta.<\/p>\n<p> A competi\u00e7\u00e3o deste ano re\u00fane Brasil, Uruguai, Espanha, It\u00e1lia,  M\u00e9xico, Nig\u00e9ria, Jap\u00e3o e Taiti. Entre os dias 15 a 30 deste m\u00eas  de junho, as sele\u00e7\u00f5es nacionais disputar\u00e3o jogos em Bras\u00edlia,  Rio de Janeiro, Belo Horizonte, Salvador, Recife e Fortaleza.<\/p>\n<p> As emissoras da <b>EBC<\/b> e diversas afiliadas pelo  pa\u00eds, incluindo a <b>Universidade AM<\/b>, formar\u00e3o a  rede p\u00fablica brasileira na cobertura do evento, com transmiss\u00e3o  ao vivo de 14 dos 16 confrontos do campeonato, desde o jogo  inaugural no Est\u00e1dio Man\u00e9 Garrincha, em Bras\u00edlia, \u00e0s 16h00 do  dia 15\/06, entre Brasil e Jap\u00e3o, at\u00e9 a final\u00edssima, marcada para  Est\u00e1dio do Maracan\u00e3, no Rio de Janeiro, \u00e0s 19h00 do dia 30\/06.<\/p>\n<p> Antecedendo \u00e0s jornadas esportivas, e ao final das mesmas,  teremos uma programa\u00e7\u00e3o local voltada ao futebol, com o <b> Radar na Copa<\/b>, produzido e apresentado pelos acad\u00eamicos  de Jornalismo que integram a equipe do <b>Radar Esportivo<\/b>,  programa semanal de esportes da nossa grade.<\/p>\n<p> A cobertura da <b>Copa das Confedera\u00e7\u00f5es<\/b> pode ser  acompanhada pelos <b>800 AM<\/b> e aqui no blog via web.  A transmiss\u00e3o no hor\u00e1rio dos jogos, cumprindo acordo da <b> EBC<\/b> com a <b>FIFA<\/b>, s\u00f3 ir\u00e3o ao ar via  frequ\u00eancia e n\u00e3o pela internet. Na web manteremos programa\u00e7\u00e3o  musical exclusiva.<\/p>\n","protected":false},"excerpt":{"rendered":"<p>A R\u00e1dio Universidade AM, emissora p\u00fablica da Universidade Federal de Santa Maria, \u00e9 uma das emissoras afiliadas da EBC (Empresa Brasil de Comunica\u00e7\u00e3o) que retransmitem a Copa das Confedera\u00e7\u00f5es 2013 a partir do pr\u00f3ximo dia 15\/06. Desde 2001, a Copa das Confedera\u00e7\u00f5es \u00e9 realizada como principal evento teste para a Copa do Mundo, sendo disputada [&hellip;]<\/p>\n","protected":false},"author":8,"featured_media":0,"comment_status":"closed","ping_status":"closed","sticky":false,"template":"","format":"standard","meta":{"episode_type":"","audio_file":"","cover_image":"","cover_image_id":"","duration":"","filesize":"","date_recorded":"","explicit":"","block":"","filesize_raw":"","footnotes":""},"categories":[1],"tags":[],"class_list":["post-581","post","type-post","status-publish","format-standard","hentry","category-geral"],"acf":[],"_links":{"self":[{"href":"https:\/\/www.ufsm.br\/orgaos-suplementares\/radio\/wp-json\/wp\/v2\/posts\/581","targetHints":{"allow":["GET"]}}],"collection":[{"href":"https:\/\/www.ufsm.br\/orgaos-suplementares\/radio\/wp-json\/wp\/v2\/posts"}],"about":[{"href":"https:\/\/www.ufsm.br\/orgaos-suplementares\/radio\/wp-json\/wp\/v2\/types\/post"}],"author":[{"embeddable":true,"href":"https:\/\/www.ufsm.br\/orgaos-suplementares\/radio\/wp-json\/wp\/v2\/users\/8"}],"replies":[{"embeddable":true,"href":"https:\/\/www.ufsm.br\/orgaos-suplementares\/radio\/wp-json\/wp\/v2\/comments?post=581"}],"version-history":[{"count":0,"href":"https:\/\/www.ufsm.br\/orgaos-suplementares\/radio\/wp-json\/wp\/v2\/posts\/581\/revisions"}],"wp:attachment":[{"href":"https:\/\/www.ufsm.br\/orgaos-suplementares\/radio\/wp-json\/wp\/v2\/media?parent=581"}],"wp:term":[{"taxonomy":"category","embeddable":true,"href":"https:\/\/www.ufsm.br\/orgaos-suplementares\/radio\/wp-json\/wp\/v2\/categories?post=581"},{"taxonomy":"post_tag","embeddable":true,"href":"https:\/\/www.ufsm.br\/orgaos-suplementares\/radio\/wp-json\/wp\/v2\/tags?post=581"}],"curies":[{"name":"wp","href":"https:\/\/api.w.org\/{rel}","templated":true}]}}