{"id":584,"date":"2013-06-07T18:28:00","date_gmt":"2013-06-07T21:28:00","guid":{"rendered":"https:\/\/www.ufsm.br\/orgaos-suplementares\/radio\/2013\/06\/07\/mata\/"},"modified":"2013-06-07T18:28:00","modified_gmt":"2013-06-07T21:28:00","slug":"mata","status":"publish","type":"post","link":"https:\/\/www.ufsm.br\/orgaos-suplementares\/radio\/2013\/06\/07\/mata","title":{"rendered":"Campus da Gente visita Mata"},"content":{"rendered":"<p><img decoding=\"async\" align=\"left\" style=\"margin: 5px\" title=\"Campus da Gente\" alt=\"Campus da Gente\" src=\"https:\/\/www.ufsm.br\/orgaos-suplementares\/radio\/wp-content\/uploads\/sites\/411\/2013\/06\/campusdagente-3.jpg\">Nesta  segunda, 10\/06, o <b>Campus da Gente<\/b> visita o  munic\u00edpio de <b>Mata<\/b>, na cobertura das  comemora\u00e7\u00f5es do 48\u00ba anivers\u00e1rio da cidade.<\/p>\n<p> O <b>Campus da Gente<\/b>, ao vivo, vai ao ar pela <b>R\u00e1dio Universidade<\/b> das 09h30 \u00e0s 11h00, com  produ\u00e7\u00e3o e apresenta\u00e7\u00e3o de Roberto Montagner.<\/p>\n<p> Nessa transmiss\u00e3o, Cleber Newton Costa divide a apresenta\u00e7\u00e3o do  programa com o titular e S\u00e9rgio Cruz \u00e9 respons\u00e1vel pelos  trabalhos t\u00e9cnicos.<\/p>\n<p> O programa pode ser ouvido pelos <b>800 AM<\/b> e aqui  no blog via web.<\/p>\n","protected":false},"excerpt":{"rendered":"<p>Nesta segunda, 10\/06, o Campus da Gente visita o munic\u00edpio de Mata, na cobertura das comemora\u00e7\u00f5es do 48\u00ba anivers\u00e1rio da cidade. O Campus da Gente, ao vivo, vai ao ar pela R\u00e1dio Universidade das 09h30 \u00e0s 11h00, com produ\u00e7\u00e3o e apresenta\u00e7\u00e3o de Roberto Montagner. Nessa transmiss\u00e3o, Cleber Newton Costa divide a apresenta\u00e7\u00e3o do programa com [&hellip;]<\/p>\n","protected":false},"author":8,"featured_media":0,"comment_status":"closed","ping_status":"closed","sticky":false,"template":"","format":"standard","meta":{"episode_type":"","audio_file":"","cover_image":"","cover_image_id":"","duration":"","filesize":"","date_recorded":"","explicit":"","block":"","filesize_raw":"","footnotes":""},"categories":[1],"tags":[],"class_list":["post-584","post","type-post","status-publish","format-standard","hentry","category-geral"],"acf":[],"_links":{"self":[{"href":"https:\/\/www.ufsm.br\/orgaos-suplementares\/radio\/wp-json\/wp\/v2\/posts\/584","targetHints":{"allow":["GET"]}}],"collection":[{"href":"https:\/\/www.ufsm.br\/orgaos-suplementares\/radio\/wp-json\/wp\/v2\/posts"}],"about":[{"href":"https:\/\/www.ufsm.br\/orgaos-suplementares\/radio\/wp-json\/wp\/v2\/types\/post"}],"author":[{"embeddable":true,"href":"https:\/\/www.ufsm.br\/orgaos-suplementares\/radio\/wp-json\/wp\/v2\/users\/8"}],"replies":[{"embeddable":true,"href":"https:\/\/www.ufsm.br\/orgaos-suplementares\/radio\/wp-json\/wp\/v2\/comments?post=584"}],"version-history":[{"count":0,"href":"https:\/\/www.ufsm.br\/orgaos-suplementares\/radio\/wp-json\/wp\/v2\/posts\/584\/revisions"}],"wp:attachment":[{"href":"https:\/\/www.ufsm.br\/orgaos-suplementares\/radio\/wp-json\/wp\/v2\/media?parent=584"}],"wp:term":[{"taxonomy":"category","embeddable":true,"href":"https:\/\/www.ufsm.br\/orgaos-suplementares\/radio\/wp-json\/wp\/v2\/categories?post=584"},{"taxonomy":"post_tag","embeddable":true,"href":"https:\/\/www.ufsm.br\/orgaos-suplementares\/radio\/wp-json\/wp\/v2\/tags?post=584"}],"curies":[{"name":"wp","href":"https:\/\/api.w.org\/{rel}","templated":true}]}}