{"id":587,"date":"2013-06-10T14:24:00","date_gmt":"2013-06-10T17:24:00","guid":{"rendered":"https:\/\/www.ufsm.br\/orgaos-suplementares\/radio\/2013\/06\/10\/debateseleicoesufsm\/"},"modified":"2013-06-10T14:24:00","modified_gmt":"2013-06-10T17:24:00","slug":"debateseleicoesufsm","status":"publish","type":"post","link":"https:\/\/www.ufsm.br\/orgaos-suplementares\/radio\/2013\/06\/10\/debateseleicoesufsm","title":{"rendered":"R\u00e1dio Universidade na cobertura dos debates da UFSM"},"content":{"rendered":"<p><img decoding=\"async\" align=\"left\" style=\"margin: 5px\" title=\"Elei\u00e7\u00f5es 2013\" alt=\"Elei\u00e7\u00f5es 2013\" src=\"https:\/\/www.ufsm.br\/orgaos-suplementares\/radio\/wp-content\/uploads\/sites\/411\/2013\/06\/eleicaoufsm-1.jpg\">A  Comiss\u00e3o de Consulta \u00e0 Comunidade para escolha do reitor e  vice-reitor da <b>Universidade Federal de Santa Maria<\/b>  agendou quatro debates entre os candidatos inscritos, que  dever\u00e3o acontecer nas seguintes datas: 11\/06, \u00e0s 14h00, no  audit\u00f3rio social do Col\u00e9gio Agr\u00edcola de Frederico Westphalen;  11\/06, \u00e0s 19h00, no audit\u00f3rio do pr\u00e9dio da Finep em Palmeira da  Miss\u00f5es; 19\/06, \u00e0s 15h00, no Espa\u00e7o Multiuso, no campus central;  e 26\/06, \u00e0s 18h00, na C\u00e2mara de Vereadores de Santa Maria.<\/p>\n<p> O objetivo dos debates \u00e9 exclusivamente apresentar e defender as  propostas e ideias de gest\u00e3o para os pr\u00f3ximos quatro anos. Todos  os candidatos ter\u00e3o as mesmas condi\u00e7\u00f5es de tempo e exposi\u00e7\u00e3o. Os  eventos ter\u00e3o cinco blocos. No primeiro, cada candidato ter\u00e1  cinco minutos para apresenta\u00e7\u00e3o. No segundo bloco, perguntas  entre os candidatos, com direito a r\u00e9plica e tr\u00e9plica. O  terceiro bloco ser\u00e1 para perguntas da plateia espec\u00edficas para  cada candidato, com coment\u00e1rios dos demais. No quarto bloco,  duas perguntas da plateia para os tr\u00eas candidatos. No \u00faltimo,  cinco minutos para cada candidato fazer suas considera\u00e7\u00f5es  finais. O tempo total previsto \u00e9 de cerca de duas horas. O  sorteio da ordem de apresenta\u00e7\u00e3o dos candidatos ser\u00e1 feito bloco  por bloco, 30 minutos antes do in\u00edcio do debate, pela Comiss\u00e3o  de Consulta, juntamente com os candidatos ou suas assessorias.  As perguntas da plateia ser\u00e3o por escrito e sorteadas pelo  mediador.<\/p>\n<p> A <b>R\u00e1dio Universidade AM<\/b> promove cobertura dos  quatro debates programados. Dia <b>11\/06<\/b>,  transmite ao vivo a partir das 14h00, direto de Frederico  Westphalen; tamb\u00e9m no dia 11\/06, \u00e0s 19h00, grava o debate em  Palmeira das Miss\u00f5es, que ser\u00e1 levado ao ar no dia <b>13\/06<\/b>,  \u00e0s 13h20. Aqui em Santa Maria, no dia <b>19\/06<\/b>,  grava o debate das 15h00 e reproduz \u00e0s 22h00, logo depois da  cobertura da rodada da <b>Copa das Confedera\u00e7\u00f5es<\/b>;  e no dia <b>26\/06<\/b>, grava o debate das 18h00 e  reproduz \u00e0s 23h00 , logo ap\u00f3s o programa Reencontro.<\/p>\n<p> A cobertura dos <b>debates<\/b> pode ser acompanhada  pelos <b>800 AM<\/b> e aqui no blog via web.<\/p>\n","protected":false},"excerpt":{"rendered":"<p>A Comiss\u00e3o de Consulta \u00e0 Comunidade para escolha do reitor e vice-reitor da Universidade Federal de Santa Maria agendou quatro debates entre os candidatos inscritos, que dever\u00e3o acontecer nas seguintes datas: 11\/06, \u00e0s 14h00, no audit\u00f3rio social do Col\u00e9gio Agr\u00edcola de Frederico Westphalen; 11\/06, \u00e0s 19h00, no audit\u00f3rio do pr\u00e9dio da Finep em Palmeira da [&hellip;]<\/p>\n","protected":false},"author":8,"featured_media":0,"comment_status":"closed","ping_status":"closed","sticky":false,"template":"","format":"standard","meta":{"episode_type":"","audio_file":"","cover_image":"","cover_image_id":"","duration":"","filesize":"","date_recorded":"","explicit":"","block":"","filesize_raw":"","footnotes":""},"categories":[1],"tags":[],"class_list":["post-587","post","type-post","status-publish","format-standard","hentry","category-geral"],"acf":[],"_links":{"self":[{"href":"https:\/\/www.ufsm.br\/orgaos-suplementares\/radio\/wp-json\/wp\/v2\/posts\/587","targetHints":{"allow":["GET"]}}],"collection":[{"href":"https:\/\/www.ufsm.br\/orgaos-suplementares\/radio\/wp-json\/wp\/v2\/posts"}],"about":[{"href":"https:\/\/www.ufsm.br\/orgaos-suplementares\/radio\/wp-json\/wp\/v2\/types\/post"}],"author":[{"embeddable":true,"href":"https:\/\/www.ufsm.br\/orgaos-suplementares\/radio\/wp-json\/wp\/v2\/users\/8"}],"replies":[{"embeddable":true,"href":"https:\/\/www.ufsm.br\/orgaos-suplementares\/radio\/wp-json\/wp\/v2\/comments?post=587"}],"version-history":[{"count":0,"href":"https:\/\/www.ufsm.br\/orgaos-suplementares\/radio\/wp-json\/wp\/v2\/posts\/587\/revisions"}],"wp:attachment":[{"href":"https:\/\/www.ufsm.br\/orgaos-suplementares\/radio\/wp-json\/wp\/v2\/media?parent=587"}],"wp:term":[{"taxonomy":"category","embeddable":true,"href":"https:\/\/www.ufsm.br\/orgaos-suplementares\/radio\/wp-json\/wp\/v2\/categories?post=587"},{"taxonomy":"post_tag","embeddable":true,"href":"https:\/\/www.ufsm.br\/orgaos-suplementares\/radio\/wp-json\/wp\/v2\/tags?post=587"}],"curies":[{"name":"wp","href":"https:\/\/api.w.org\/{rel}","templated":true}]}}