{"id":593,"date":"2013-06-11T20:10:00","date_gmt":"2013-06-11T23:10:00","guid":{"rendered":"https:\/\/www.ufsm.br\/orgaos-suplementares\/radio\/2013\/06\/11\/especialnamorados\/"},"modified":"2013-06-11T20:10:00","modified_gmt":"2013-06-11T23:10:00","slug":"especialnamorados","status":"publish","type":"post","link":"https:\/\/www.ufsm.br\/orgaos-suplementares\/radio\/2013\/06\/11\/especialnamorados","title":{"rendered":"Universidade Musical apresenta especial no dia dos namorados"},"content":{"rendered":"<p><img decoding=\"async\" align=\"left\" style=\"margin: 5px\" title=\"Dia dos Namorados 2013\" alt=\"Dia dos Namorados 2013\" src=\"https:\/\/www.ufsm.br\/orgaos-suplementares\/radio\/wp-content\/uploads\/sites\/411\/2013\/06\/namorados-1.jpg\">Nesta  quarta, 12\/06, o <b>Universidade Musical<\/b> \u00e9  especial do hor\u00e1rio das 13h20 \u00e0s 16h00, dedicado exclusivamente  ao <b>Dia dos Namorados<\/b>.<\/p>\n<p> A programa\u00e7\u00e3o especial re\u00fane grandes temas rom\u00e2nticos nacionais  e internacionais. Tocam no programa can\u00e7\u00f5es como Quero Falar de  Amor, com Ivan Lins; Paix\u00e3o, com Kleiton &amp; Kledir; My Cherie  Amour, com Stevie Wonder; Por Amor, com Ira!; Amado, com Vanessa  da Mata; Still Loving You, com Scorpions; e Cuide Bem do Seu  Amor, com Os Paralamas do Sucesso, entre outras.<\/p>\n<p> A sele\u00e7\u00e3o musical, preparada e apresentada por Rejane Miranda,  teve colabora\u00e7\u00e3o dos ouvintes que curtem a fanpage da emissora  no <b> <a title=\"R\u00e1dio Universidade no Fecebook\" target=\"_blank\" href=\"http:\/\/www.facebook.com\/radiouniversidade\"> Facebook<\/a><\/b>.<\/p>\n<p> O <b>Universidade Musical &#8211; Especial Dia dos Namorados<\/b>  pode ser ouvido pelos <b>800 AM<\/b> e aqui no blog via  web. A edi\u00e7\u00e3o \u00e9 de Milton Oliveira.<\/p>\n","protected":false},"excerpt":{"rendered":"<p>Nesta quarta, 12\/06, o Universidade Musical \u00e9 especial do hor\u00e1rio das 13h20 \u00e0s 16h00, dedicado exclusivamente ao Dia dos Namorados. A programa\u00e7\u00e3o especial re\u00fane grandes temas rom\u00e2nticos nacionais e internacionais. Tocam no programa can\u00e7\u00f5es como Quero Falar de Amor, com Ivan Lins; Paix\u00e3o, com Kleiton &amp; Kledir; My Cherie Amour, com Stevie Wonder; Por Amor, [&hellip;]<\/p>\n","protected":false},"author":8,"featured_media":0,"comment_status":"closed","ping_status":"closed","sticky":false,"template":"","format":"standard","meta":{"episode_type":"","audio_file":"","cover_image":"","cover_image_id":"","duration":"","filesize":"","date_recorded":"","explicit":"","block":"","filesize_raw":"","footnotes":""},"categories":[1],"tags":[],"class_list":["post-593","post","type-post","status-publish","format-standard","hentry","category-geral"],"acf":[],"_links":{"self":[{"href":"https:\/\/www.ufsm.br\/orgaos-suplementares\/radio\/wp-json\/wp\/v2\/posts\/593","targetHints":{"allow":["GET"]}}],"collection":[{"href":"https:\/\/www.ufsm.br\/orgaos-suplementares\/radio\/wp-json\/wp\/v2\/posts"}],"about":[{"href":"https:\/\/www.ufsm.br\/orgaos-suplementares\/radio\/wp-json\/wp\/v2\/types\/post"}],"author":[{"embeddable":true,"href":"https:\/\/www.ufsm.br\/orgaos-suplementares\/radio\/wp-json\/wp\/v2\/users\/8"}],"replies":[{"embeddable":true,"href":"https:\/\/www.ufsm.br\/orgaos-suplementares\/radio\/wp-json\/wp\/v2\/comments?post=593"}],"version-history":[{"count":0,"href":"https:\/\/www.ufsm.br\/orgaos-suplementares\/radio\/wp-json\/wp\/v2\/posts\/593\/revisions"}],"wp:attachment":[{"href":"https:\/\/www.ufsm.br\/orgaos-suplementares\/radio\/wp-json\/wp\/v2\/media?parent=593"}],"wp:term":[{"taxonomy":"category","embeddable":true,"href":"https:\/\/www.ufsm.br\/orgaos-suplementares\/radio\/wp-json\/wp\/v2\/categories?post=593"},{"taxonomy":"post_tag","embeddable":true,"href":"https:\/\/www.ufsm.br\/orgaos-suplementares\/radio\/wp-json\/wp\/v2\/tags?post=593"}],"curies":[{"name":"wp","href":"https:\/\/api.w.org\/{rel}","templated":true}]}}