{"id":7495,"date":"2017-05-26T00:28:00","date_gmt":"2017-05-26T03:28:00","guid":{"rendered":"https:\/\/www.ufsm.br\/orgaos-suplementares\/radio\/?p=7495"},"modified":"2020-05-30T18:09:26","modified_gmt":"2020-05-30T21:09:26","slug":"radio-universidade-um-espaco-que-tambem-e-das-minorias","status":"publish","type":"post","link":"https:\/\/www.ufsm.br\/orgaos-suplementares\/radio\/2017\/05\/26\/radio-universidade-um-espaco-que-tambem-e-das-minorias","title":{"rendered":"R\u00e1dio Universidade: um espa\u00e7o que tamb\u00e9m \u00e9 das minorias"},"content":{"rendered":"\n<div class=\"wp-block-image is-style-default\"><figure class=\"alignright is-resized\"><img fetchpriority=\"high\" decoding=\"async\" src=\"https:\/\/www.ufsm.br\/orgaos-suplementares\/radio\/wp-content\/uploads\/sites\/411\/2017\/05\/protagonismo-negro-radio-ufsm.jpg\" alt=\"\" class=\"wp-image-7496\" width=\"439\" height=\"247\" srcset=\"https:\/\/www.ufsm.br\/app\/uploads\/sites\/411\/2017\/05\/protagonismo-negro-radio-ufsm.jpg 960w, https:\/\/www.ufsm.br\/app\/uploads\/sites\/411\/2017\/05\/protagonismo-negro-radio-ufsm-300x169.jpg 300w, https:\/\/www.ufsm.br\/app\/uploads\/sites\/411\/2017\/05\/protagonismo-negro-radio-ufsm-768x432.jpg 768w\" sizes=\"(max-width: 439px) 100vw, 439px\" \/><\/figure><\/div>\n\n\n\n<p class=\"wp-block-paragraph\">H\u00e1 49 anos chegava aos lares da popula\u00e7\u00e3o central do Rio Grande do Sul um novo ve\u00edculo de informa\u00e7\u00e3o: a R\u00e1dio Universidade de Santa Maria. Emissora p\u00fablica da UFSM, atualmente opera na frequ\u00eancia dos 800 AM e leva a seus ouvintes mais de 60 programas de car\u00e1ter jornal\u00edstico, cultural, institucional, esportivo, acad\u00eamico e tamb\u00e9m produ\u00e7\u00f5es externas. Al\u00e9m dos 170 munic\u00edpios que suas transmiss\u00f5es abrangem, tamb\u00e9m \u00e9 poss\u00edvel acompanhar a programa\u00e7\u00e3o pelo site da <a href=\"http:\/\/ufsm.br\/radio\/\">emissora<\/a>.<\/p>\n\n\n\n<p class=\"wp-block-paragraph\">Imediatismo, vasta abrang\u00eancia e baixo custo. Essas s\u00e3o algumas das caracter\u00edsticas que fazem com que, pelo r\u00e1dio, a informa\u00e7\u00e3o possa ser levada a popula\u00e7\u00f5es de diferentes regi\u00f5es. Guiada por esses fatores, a R\u00e1dio Universidade AM conta, atualmente, com sete projetos, que buscam dar visibilidade a assuntos que n\u00e3o t\u00eam muito destaque na m\u00eddia hegem\u00f4nica. Os programas abordam quest\u00f5es sociais e divulgam a\u00e7\u00f5es de grupos desfavorecidos. Assim buscam debater e analisar esses temas por outro vi\u00e9s, que n\u00e3o o tradicional.<\/p>\n\n\n\n<p class=\"wp-block-paragraph\"><b>Afroriente<\/b><\/p>\n\n\n\n<p class=\"wp-block-paragraph\">Pertencente ao projeto de extens\u00e3o Repensando a \u00c1frica e o Oriente M\u00e9dio, idealizado pelo Grupo de Estudos em Capacidade Estatal, Seguran\u00e7a e Defesa (Gecap) e coordenado pelo professor Igor Castellano da Silva, Afroriente traz para a r\u00e1dio discuss\u00f5es sobre \u00c1frica e Oriente M\u00e9dio. Produzido atualmente por sete acad\u00eamicos do curso de Rela\u00e7\u00f5es Internacionais, o programa busca divulgar m\u00fasicas e biografias de artistas desses locais, trazer entrevistados que residem em Santa Maria para falarem sobre seus pa\u00edses, al\u00e9m de divulgar filmes e acontecimentos da cidade que tenham liga\u00e7\u00e3o com as regi\u00f5es.<\/p>\n\n\n\n<p class=\"wp-block-paragraph\">Bruna Troitinho, uma das criadoras do programa, explica que a ideia inicial era trazer para o p\u00fablico aquilo que era estudado no Gecap. Afroriente estreou em agosto de 2016, e busca mostrar a hist\u00f3ria e os costumes destes locais que anseiam por representa\u00e7\u00e3o. O grupo procura tamb\u00e9m trazer o tema para a realidade local, uma vez que Santa Maria \u00e9 uma cidade que recebe muitos imigrantes. \u201cTentamos dar voz a essas comunidades que est\u00e3o vivendo aqui na cidade, mas que n\u00e3o s\u00e3o t\u00e3o representadas\u201d, afirma Bruna. Quando n\u00e3o conseguem falar o idioma, os apresentadores colocam m\u00fasicas de artistas locais, como forma de manter o di\u00e1logo.<\/p>\n\n\n\n<p class=\"wp-block-paragraph\">O programa vai ao ar \u00e0s ter\u00e7as-feiras, das 15h05 \u00e0s 16h.<\/p>\n\n\n\n<p class=\"wp-block-paragraph\">Mais informa\u00e7\u00f5es na <a href=\"https:\/\/www.facebook.com\/afroriente\/\">fanpage<\/a>.<\/p>\n\n\n\n<p class=\"wp-block-paragraph\"><strong>Conex\u00e3o Alternativa<\/strong><\/p>\n\n\n\n<p class=\"wp-block-paragraph\">O Pr\u00e9-Universit\u00e1rio Popular Alternativa \u00e9 um projeto de extens\u00e3o que atua na prepara\u00e7\u00e3o de alunos que almejam ingressar no ensino superior. As aulas s\u00e3o ministradas por acad\u00eamicos de diferentes cursos da UFSM e voltadas a alunos com baixas condi\u00e7\u00f5es socioecon\u00f4micas. Vinculado a esse projeto est\u00e1 o programa Conex\u00e3o Alternativa, que debate assuntos voltados \u00e0 educa\u00e7\u00e3o e cultura.<\/p>\n\n\n\n<p class=\"wp-block-paragraph\">O programa \u00e9 produzido por dois acad\u00eamicos de Jornalismo e dividido em quadros. H\u00e1 espa\u00e7o dedicado a not\u00edcias sobre o Exame Nacional do Ensino M\u00e9dio (Enem), um quadro de atualidades e assuntos voltados \u00e0 educa\u00e7\u00e3o, m\u00fasicas que tenham relev\u00e2ncia na cultura brasileira e uma entrevista com um convidado para debater quest\u00f5es relacionadas ao ensino. \u201cO programa tamb\u00e9m \u00e9 uma das ferramentas do cursinho. Buscamos auxiliar quem est\u00e1 se preparando para entrar na universidade\u201d, ressalta o apresentador Jo\u00e3o In\u00e1cio Vargas, acad\u00eamico de Jornalismo. Nas semanas que antecedem o Enem, o programa se volta para dicas sobre diversos aspectos para a prova.<\/p>\n\n\n\n<p class=\"wp-block-paragraph\">O Conex\u00e3o est\u00e1 na grade de programa\u00e7\u00e3o desde mar\u00e7o de 2015 e vai ao ar todas as quartas-feiras, das 15h05 \u00e0s 16h.<\/p>\n\n\n\n<p class=\"wp-block-paragraph\">Mais informa\u00e7\u00f5es na <a href=\"https:\/\/www.facebook.com\/conexao800am\/\">fanpage<\/a>.<\/p>\n\n\n\n<p class=\"wp-block-paragraph\"><strong>De Perto Ningu\u00e9m \u00e9 Normal<\/strong><\/p>\n\n\n\n<p class=\"wp-block-paragraph\">No ar desde o ano de 1999, o programa De Perto Ningu\u00e9m \u00e9 Normal foi criado pelo Servi\u00e7o de Aten\u00e7\u00e3o Integral \u00e0 Sa\u00fade Mental (SAISM), do curso de Psicologia da UFSM. Surgido no Setor Psiqui\u00e1trico do Hospital Universit\u00e1rio, o projeto conta com a participa\u00e7\u00e3o de pessoas em recupera\u00e7\u00e3o terap\u00eautica e desempenha papel importante no tratamento e na comunica\u00e7\u00e3o dos pacientes com a sociedade.<\/p>\n\n\n\n<p class=\"wp-block-paragraph\">Atualmente o projeto \u00e9 uma parceria da Universidade com o Centro de Aten\u00e7\u00e3o Psicossocial (CAPS) Prado Veppo, da Prefeitura Municipal de Santa Maria. Os CAPS s\u00e3o institui\u00e7\u00f5es brasileiras que buscam substituir os hospitais psiqui\u00e1tricos e os m\u00e9todos de tratamento terap\u00eauticos.<\/p>\n\n\n\n<p class=\"wp-block-paragraph\">O nome do programa foi inspirado pela frase do dramaturgo Nelson Rodrigues: \u201cse olhar, de perto ningu\u00e9m \u00e9 normal\u201d.<\/p>\n\n\n\n<p class=\"wp-block-paragraph\">O programa vai ao ar \u00e0s segundas-feiras, das 17h05 \u00e0s 18h.<\/p>\n\n\n\n<p class=\"wp-block-paragraph\"><strong>Gritos do Sil\u00eancio<\/strong><\/p>\n\n\n\n<p class=\"wp-block-paragraph\">O desejo de se aproximar das pessoas e conhecer diferentes hist\u00f3rias motivou as acad\u00eamicas de Jornalismo Caline Gambin e Mayara Souto a criarem um programa de extens\u00e3o voltado aos movimentos sociais. O Gritos do Sil\u00eancio \u00e9 uma oposi\u00e7\u00e3o \u00e0 m\u00eddia hegem\u00f4nica e busca dar voz \u00e0s diferentes minorias existentes em nossa sociedade. No ar desde novembro de 2015, hoje o programa \u00e9 feito por 14 acad\u00eamicos de Comunica\u00e7\u00e3o Social.<\/p>\n\n\n\n<div class=\"wp-block-image\"><figure class=\"alignleft is-resized\"><img decoding=\"async\" src=\"https:\/\/www.ufsm.br\/orgaos-suplementares\/radio\/wp-content\/uploads\/sites\/411\/2017\/05\/gritos-do-silencio.jpg\" alt=\"\" class=\"wp-image-7498\" width=\"171\" height=\"171\" srcset=\"https:\/\/www.ufsm.br\/app\/uploads\/sites\/411\/2017\/05\/gritos-do-silencio.jpg 523w, https:\/\/www.ufsm.br\/app\/uploads\/sites\/411\/2017\/05\/gritos-do-silencio-300x300.jpg 300w, https:\/\/www.ufsm.br\/app\/uploads\/sites\/411\/2017\/05\/gritos-do-silencio-150x150.jpg 150w\" sizes=\"(max-width: 171px) 100vw, 171px\" \/><\/figure><\/div>\n\n\n\n<p class=\"wp-block-paragraph\">\u201cAcredito que a r\u00e1dio em si aproxima as pessoas, porque ela fala diretamente com o ouvinte e fala sobre o ouvinte\u201d, destaca Caline. Para ela, \u00e9 muito importante mostrar estas realidades para a sociedade, pois nem sempre estes grupos t\u00eam visibilidade na m\u00eddia. O programa cont\u00e9m reportagens, enquete, entrevista com especialistas e pessoas afetadas pelo tema e m\u00fasicas que tratam do assunto abordado. Alguns dos temas debatidos s\u00e3o: saneamento b\u00e1sico, transporte p\u00fablico, machismo, depress\u00e3o, comunidade LGBT e racismo.<\/p>\n\n\n\n<p class=\"wp-block-paragraph\">O projeto agora tamb\u00e9m est\u00e1 em expans\u00e3o para outras m\u00eddias, por meio de v\u00eddeos no Youtube, posts no Facebook e reportagens no <a href=\"https:\/\/medium.com\/@gritosdosilencio\">Medium<\/a>. O Gritos do Sil\u00eancio \u00e9 apresentado \u00e0s quartas-feiras, das 13h10 \u00e0s 14h.<\/p>\n\n\n\n<p class=\"wp-block-paragraph\">Mais informa\u00e7\u00f5es na <a href=\"https:\/\/www.facebook.com\/GritosdoSilencio800\/\">fanpage<\/a>.<\/p>\n\n\n\n<p class=\"wp-block-paragraph\"><strong>Magazine<\/strong><\/p>\n\n\n\n<p class=\"wp-block-paragraph\">Quando a R\u00e1dio Universidade AM ingressou no Radiotube, uma rede de cidadania e divulga\u00e7\u00e3o de conte\u00fados de r\u00e1dio online, Milton Oliveira, programador de r\u00e1dio e TV, viu uma oportunidade de debater os temas que o Radiotube trabalha. Em outubro de 2014, criou o Magazine, programa voltado \u00e0 cidadania, que aborda sustentabilidade, direitos humanos, inclus\u00e3o e ci\u00eancia. Atualmente h\u00e1 diversos colaboradores e parceiros, al\u00e9m de divulgar entidades e projetos sociais.<\/p>\n\n\n\n<p class=\"wp-block-paragraph\">O Magazine cont\u00e9m um quadro chamado Editoria S, que diariamente traz conte\u00fados referentes \u00e0 sustentabilidade, como dicas sobre lixo, consumo e tratamento de \u00e1gua e recomenda\u00e7\u00f5es de livros. Esse quadro tamb\u00e9m vai ao ar no programa Editoria 292, da R\u00e1dio Universidade. Al\u00e9m disso, h\u00e1 um quadro de ci\u00eancia, produzido pela Funda\u00e7\u00e3o de Amparo \u00e0 Pesquisa do Estado de Minas Gerais (FAPEMIG) e outro referente aos direitos humanos. Quadros musicais tamb\u00e9m integram o Magazine, entretanto, \u201ca escolha musical \u00e9 sempre voltada para \u2018a comunica\u00e7\u00e3o do bem\u2019, que tamb\u00e9m \u00e9 o slogan do programa\u201d. Para Milton, \u00e9 mais relevante divulgar cantores que est\u00e3o em in\u00edcio de carreira e precisam de apoio.<\/p>\n\n\n\n<p class=\"wp-block-paragraph\">Alguns quadros do Magazine originaram outros programas, como o Talento em Destaque e The Sounds Of Good. Al\u00e9m disso, o quadro A Can\u00e7\u00e3o do Dia atualmente \u00e9 veiculado por uma emissora do sul de Santa Catarina.<\/p>\n\n\n\n<p class=\"wp-block-paragraph\">O Magazine vai ao ar de segunda a sexta-feira, das 20h \u00e0s 21h.<\/p>\n\n\n\n<p class=\"wp-block-paragraph\">Mais informa\u00e7\u00f5es na <a href=\"https:\/\/www.facebook.com\/magazinesocial\">fanpage<\/a>.<\/p>\n\n\n\n<p class=\"wp-block-paragraph\"><strong>Protagonismo Negro<\/strong><\/p>\n\n\n\n<p class=\"wp-block-paragraph\">Numa Universidade majoritariamente branca, o Protagonismo Negro se insere como um espa\u00e7o de resist\u00eancia e valoriza\u00e7\u00e3o. Formado por quatro estudantes, o programa debate somente tem\u00e1ticas voltadas \u00e0 popula\u00e7\u00e3o negra, com convidados e m\u00fasicas de artistas negros. Al\u00e9m de discutir quest\u00f5es sociais, o ve\u00edculo tamb\u00e9m \u00e9 usado para divulgar pesquisas e projetos referentes ao tema.<\/p>\n\n\n\n<p class=\"wp-block-paragraph\">Criado em outubro de 2015, o programa valoriza a negritude e problematiza quest\u00f5es como racismo, al\u00e9m de trazer a viv\u00eancia de pessoas negras dentro da Universidade. \u201cComo na UFSM os trabalhos e tem\u00e1ticas s\u00e3o predominantemente voltados para a branquitude, ter um espa\u00e7o totalmente preto, com mulheres negras apresentando, com entrevistados negros, para falar de tem\u00e1ticas que sejam pertinentes a nossa popula\u00e7\u00e3o \u00e9 muito importante\u201d, afirma a apresentadora Leandra Cunha.<\/p>\n\n\n\n<p class=\"wp-block-paragraph\">O Protagonismo Negro vai ao ar as ter\u00e7as-feiras, das 13h10 \u00e0s 14h.<\/p>\n\n\n\n<p class=\"wp-block-paragraph\">Mais informa\u00e7\u00f5es na <a href=\"https:\/\/www.facebook.com\/protagonismonegro\/\">fanpage<\/a>.<\/p>\n\n\n\n<p class=\"wp-block-paragraph\"><strong>Social em Quest\u00e3o<\/strong><\/p>\n\n\n\n<p class=\"wp-block-paragraph\">Idealizado pela coordenadora do N\u00facleo de Estudos, Pesquisa e Extens\u00e3o em Servi\u00e7o Social, M\u00eddia, Cultura e Quest\u00e3o Social, professora Eliana Cogoy e pela acad\u00eamica J\u00e9ssica Degrandi, do curso de Servi\u00e7o Social, o projeto come\u00e7ou em maio de 2015. Visando divulgar as a\u00e7\u00f5es dos n\u00facleos de Servi\u00e7o Social, atualmente t\u00eam sido um programa de ampla participa\u00e7\u00e3o social, que traz diferentes frentes de defesa dos direitos humanos. Social em Quest\u00e3o \u00e9 um espa\u00e7o de luta, resist\u00eancia e divulga\u00e7\u00e3o de grupos sociais e projetos.<\/p>\n\n\n\n<p class=\"wp-block-paragraph\">Para a apresentadora Zaida Castro, um dos maiores compromissos do programa \u00e9 dar uma informa\u00e7\u00e3o clara e correta: \u201cTemos que sair dessa bolha de produzir apenas para os nossos semelhantes. Ultrapassar este arco, sair da nossa Universidade e fazer este papel social da Universidade, que \u00e9 levar as informa\u00e7\u00f5es para a comunidade\u201d. Para ela, a r\u00e1dio \u00e9 p\u00fablica e feita para isso.<\/p>\n\n\n\n<p class=\"wp-block-paragraph\">Hoje a equipe do programa \u00e9 composta por sete integrantes. Social em Quest\u00e3o vai ao ar \u00e0s segundas-feiras, no hor\u00e1rio das 13h10 \u00e0s 14h.<\/p>\n\n\n\n<p class=\"wp-block-paragraph\">Mais informa\u00e7\u00f5es na <a href=\"https:\/\/www.facebook.com\/socialemquestao\">fanpage<\/a>.<\/p>\n\n\n\n<p class=\"wp-block-paragraph\"><em>Reportagem: Melissa Konzen, acad\u00eamica de Jornalismo e bolsista da Ag\u00eancia de Not\u00edcias<\/em><\/p>\n\n\n\n<p class=\"wp-block-paragraph\"><em>Edi\u00e7\u00e3o: Maur\u00edcio Dias<\/em><\/p>\n\n\n\n<p class=\"wp-block-paragraph\"><em>Foto: Protagonismo Negro\/Divulga\u00e7\u00e3o<\/em><\/p>\n","protected":false},"excerpt":{"rendered":"<p>H\u00e1 49 anos chegava aos lares da popula\u00e7\u00e3o central do Rio Grande do Sul um novo ve\u00edculo de informa\u00e7\u00e3o: a R\u00e1dio Universidade de Santa Maria. Emissora p\u00fablica da UFSM, atualmente opera na frequ\u00eancia dos 800 AM e leva a seus ouvintes mais de 60 programas de car\u00e1ter jornal\u00edstico, cultural, institucional, esportivo, acad\u00eamico e tamb\u00e9m produ\u00e7\u00f5es [&hellip;]<\/p>\n","protected":false},"author":2358,"featured_media":0,"comment_status":"closed","ping_status":"closed","sticky":false,"template":"","format":"standard","meta":{"episode_type":"","audio_file":"","cover_image":"","cover_image_id":"","duration":"","filesize":"","date_recorded":"","explicit":"","block":"","filesize_raw":"","footnotes":""},"categories":[1],"tags":[],"class_list":["post-7495","post","type-post","status-publish","format-standard","hentry","category-geral"],"acf":[],"_links":{"self":[{"href":"https:\/\/www.ufsm.br\/orgaos-suplementares\/radio\/wp-json\/wp\/v2\/posts\/7495","targetHints":{"allow":["GET"]}}],"collection":[{"href":"https:\/\/www.ufsm.br\/orgaos-suplementares\/radio\/wp-json\/wp\/v2\/posts"}],"about":[{"href":"https:\/\/www.ufsm.br\/orgaos-suplementares\/radio\/wp-json\/wp\/v2\/types\/post"}],"author":[{"embeddable":true,"href":"https:\/\/www.ufsm.br\/orgaos-suplementares\/radio\/wp-json\/wp\/v2\/users\/2358"}],"replies":[{"embeddable":true,"href":"https:\/\/www.ufsm.br\/orgaos-suplementares\/radio\/wp-json\/wp\/v2\/comments?post=7495"}],"version-history":[{"count":0,"href":"https:\/\/www.ufsm.br\/orgaos-suplementares\/radio\/wp-json\/wp\/v2\/posts\/7495\/revisions"}],"wp:attachment":[{"href":"https:\/\/www.ufsm.br\/orgaos-suplementares\/radio\/wp-json\/wp\/v2\/media?parent=7495"}],"wp:term":[{"taxonomy":"category","embeddable":true,"href":"https:\/\/www.ufsm.br\/orgaos-suplementares\/radio\/wp-json\/wp\/v2\/categories?post=7495"},{"taxonomy":"post_tag","embeddable":true,"href":"https:\/\/www.ufsm.br\/orgaos-suplementares\/radio\/wp-json\/wp\/v2\/tags?post=7495"}],"curies":[{"name":"wp","href":"https:\/\/api.w.org\/{rel}","templated":true}]}}