{"id":7604,"date":"2021-01-22T16:43:25","date_gmt":"2021-01-22T19:43:25","guid":{"rendered":"https:\/\/www.ufsm.br\/orgaos-suplementares\/radio\/?p=7604"},"modified":"2021-01-25T13:45:22","modified_gmt":"2021-01-25T16:45:22","slug":"radios-da-ufsm-celebram-os-60-anos-da-ufsm-com-producoes-especiais","status":"publish","type":"post","link":"https:\/\/www.ufsm.br\/orgaos-suplementares\/radio\/2021\/01\/22\/radios-da-ufsm-celebram-os-60-anos-da-ufsm-com-producoes-especiais","title":{"rendered":"R\u00e1dios da UFSM Celebram os 60 Anos da UFSM com Produ\u00e7\u00f5es Especiais"},"content":{"rendered":"\n<div>Em raz\u00e3o do anivers\u00e1rio de 60 anos da UFSM, as r\u00e1dios da Universidade, 800 AM e 107.9 FM, veicularam programas especiais para celebrar a data no segundo semestre do ano passado.<\/div>\n<div>\u00a0<\/div>\n<div>Em dezembro de 2020, foram veiculadas as chamadas &#8220;UFSM 60 anos &#8211; A Universidade na Minha Hist\u00f3ria&#8221;, elaboradas pelos alunos de Jornalismo Jonas Faria e Amanda Xavier com orienta\u00e7\u00e3o do jornalista Ciro Oliveira. O programa traz depoimentos da comunidade acad\u00eamica relatando o impacto da Universidade em suas trajet\u00f3rias.<\/div>\n<div>\u00a0<\/div>\n<div>Ciro Oliveira conta que a ideia surgiu do papel transformador da Universidade na vida de incont\u00e1veis pessoas ao longo desses 60 anos. &#8220;As nossas r\u00e1dios tem papel bastante importante nessa constru\u00e7\u00e3o ao longo de muitas d\u00e9cadas, ajudando a contar essa hist\u00f3ria que a UFSM vem construindo&#8221;, acrescenta o servidor. Para ele, os depoimentos de servidores docentes e t\u00e9cnicos, aposentados e na ativa, estudantes, egressos e trabalhadores terceirizados permitem que as pessoas contem &#8220;como a UFSM fez parte da vida delas para podermos fazer essa homenagem&#8221;.<\/div>\n<div>\u00a0<\/div>\n<div>Al\u00e9m desse trabalho dos graduandos, foi veiculado o quadro &#8220;Palavra de Reitor&#8221;, produzido pelo jornalista Gilson Piber e pelo diretor de programa Roberto Montagner durante o programa Editoria 107.9 de agosto a outubro de 2020. A produ\u00e7\u00e3o trouxe entrevistas com todos os reitores anteriores da Universidade, desde o fundador Jos\u00e9 Mariano da Rocha Filho at\u00e9 o ex-reitor Felipe Martins M\u00fceller.<\/div>\n<div>\u00a0<\/div>\n<div>Os epis\u00f3dios est\u00e3o dispon\u00edveis na p\u00e1gina do Farol:<\/div>\n<div>\u00a0<\/div>\n<div>&#8211; <a href=\"https:\/\/farol.ufsm.br\/video\/editoria-1079-palavra-de-reitor-24-08-2020\">Jos\u00e9 Mariano da Rocha Filho<\/a>, reitor entre 1960 e 1973;<\/div>\n<div>\u00a0<\/div>\n<div>&#8211; <a href=\"http:\/\/farol.ufsm.br\/video\/editoria-1079-palavra-de-reitor-28-09-2020\">H\u00e9lios Homero Bernardi<\/a>, reitor entre 1973 e 1977;<\/div>\n<div>\u00a0<\/div>\n<div>&#8211; <a href=\"http:\/\/farol.ufsm.br\/video\/editoria-1079-palavra-de-reitor-05-10-2020\">Derblay Galv\u00e3o<\/a>, reitor entre 1978 e 1981;<\/div>\n<div>\u00a0<\/div>\n<div>&#8211; <a href=\"http:\/\/farol.ufsm.br\/video\/editoria-1079-palavra-de-reitor-21-09-2020\">Armando Vallandro<\/a>, reitor entre 1981 e 1985;<\/div>\n<div>\u00a0<\/div>\n<div>&#8211; <a href=\"https:\/\/farol.ufsm.br\/video\/editoria-1079-palavra-de-reitor-07-09-2020\">Gilberto Aquino Benetti<\/a>, reitor entre 1985 e 1989;<\/div>\n<div>\u00a0<\/div>\n<div>&#8211; <a href=\"https:\/\/farol.ufsm.br\/video\/editoria-1079-palavra-de-reitor-17-08-2020\">Tabajara Ga\u00facho da Costa<\/a>, reitor entre 1989 e 1993;<\/div>\n<div>\u00a0<\/div>\n<div>&#8211; <a href=\"https:\/\/farol.ufsm.br\/video\/editoria-1079-palavra-de-reitor-03-08-2020\">Odilon Marcuzzo do Canto<\/a>, reitor entre 1993 e 1997;<\/div>\n<div>\n<div>\u00a0<\/div>\n<div>&#8211; <a href=\"https:\/\/farol.ufsm.br\/video\/editoria-1079-palavra-de-reitor-10-08-2020\">Paulo Jorge Sarkis<\/a>, que reitor entre 1997 e 2005;<\/div>\n<div>\u00a0<\/div>\n<div>&#8211; <a href=\"http:\/\/farol.ufsm.br\/video\/editoria-1079-palavra-de-reitor-15-09-2020\">Cl\u00f3vis Lima<\/a>, que reitor entre 2005 e 2009;<\/div>\n<div>\u00a0<\/div>\n<\/div>\n<div>&#8211; <a href=\"https:\/\/farol.ufsm.br\/video\/editoria-1079-palavra-de-reitor-31-08-2020\">Felipe Martins M\u00fcller<\/a>, reitor entre 2009 e 2013.<\/div>\n<div>\u00a0<\/div>\n<div>Gilson Piber, que realizou as entrevistas com os reitores ano passado, destaca que o trabalho &#8220;foi gratificante, pois todos os reitores vivos &#8211; a exce\u00e7\u00e3o do Derblay Galv\u00e3o, em recupera\u00e7\u00e3o da covid-19 -, entenderam a proposta e aceitaram enviar os \u00e1udios&#8221;. Galv\u00e3o n\u00e3o pode participar porque estava com covid-19 na \u00e9poca das grava\u00e7\u00f5es.<\/div>\n<div>\u00a0<\/div>\n<div>As entrevistas com os reitores j\u00e1 falecidos foram recuperadas do acervo pessoal de Roberto Montagner, que observa a responsabilidade das decis\u00f5es e do trabalho dos reitores nos avan\u00e7os da institui\u00e7\u00e3o p\u00fablica. &#8220;Muitos rumos s\u00e3o tomados a partir de programas estruturados pelas gest\u00f5es dos reitores. Por isso tudo, esses \u00e1udios e programas narrados sobre os reitores trouxeram \u00e0 mem\u00f3ria das pessoas a\u00e7\u00f5es que marcaram a hist\u00f3ria dos 60 anos de exist\u00eancia da UFSM&#8221;, avalia.<\/div>\n<div>\u00a0<\/div>\n<div>Gilson ressalta a preserva\u00e7\u00e3o da mem\u00f3ria da institui\u00e7\u00e3o para todas as gera\u00e7\u00f5es. &#8220;Cada um deu a sua parcela de contribui\u00e7\u00e3o para o que \u00e9 hoje a UFSM. As r\u00e1dios da UFSM &#8211; Universidade 800 AM e UniFM 107,9 MHz &#8211; s\u00e3o patrim\u00f4nio da comunica\u00e7\u00e3o p\u00fablica de Santa Maria, do Rio Grande do Sul e do Brasil&#8221;, finaliza.<\/div>\n<div>\u00a0<\/div>\n<div><em>Texto: \u00c1lvaro Bazana, acad\u00eamico de Jornalismo e bolsista das R\u00e1dios da UFSM<\/em><br \/><em>Edi\u00e7\u00e3o: Marcelo De Franceschi dos Santos<\/em><\/div>\n<div>\u00a0<\/div>\n<div>\u00a0<\/div>\n","protected":false},"excerpt":{"rendered":"<p>Em raz\u00e3o do anivers\u00e1rio de 60 anos da UFSM, as r\u00e1dios da Universidade, 800 AM e 107.9 FM, veicularam programas especiais para celebrar a data no segundo semestre do ano passado. \u00a0 Em dezembro de 2020, foram veiculadas as chamadas &#8220;UFSM 60 anos &#8211; A Universidade na Minha Hist\u00f3ria&#8221;, elaboradas pelos alunos de Jornalismo Jonas [&hellip;]<\/p>\n","protected":false},"author":3255,"featured_media":0,"comment_status":"closed","ping_status":"closed","sticky":false,"template":"","format":"standard","meta":{"episode_type":"","audio_file":"","cover_image":"","cover_image_id":"","duration":"","filesize":"","date_recorded":"","explicit":"","block":"","filesize_raw":"","footnotes":""},"categories":[1],"tags":[36,37,39,40,38,34,41],"class_list":["post-7604","post","type-post","status-publish","format-standard","hentry","category-geral","tag-60-anos","tag-comunicacao-publica","tag-emissoras-publicas","tag-radio-publica-universitaria","tag-radios","tag-ufsm","tag-universidade-publica"],"acf":[],"_links":{"self":[{"href":"https:\/\/www.ufsm.br\/orgaos-suplementares\/radio\/wp-json\/wp\/v2\/posts\/7604","targetHints":{"allow":["GET"]}}],"collection":[{"href":"https:\/\/www.ufsm.br\/orgaos-suplementares\/radio\/wp-json\/wp\/v2\/posts"}],"about":[{"href":"https:\/\/www.ufsm.br\/orgaos-suplementares\/radio\/wp-json\/wp\/v2\/types\/post"}],"author":[{"embeddable":true,"href":"https:\/\/www.ufsm.br\/orgaos-suplementares\/radio\/wp-json\/wp\/v2\/users\/3255"}],"replies":[{"embeddable":true,"href":"https:\/\/www.ufsm.br\/orgaos-suplementares\/radio\/wp-json\/wp\/v2\/comments?post=7604"}],"version-history":[{"count":0,"href":"https:\/\/www.ufsm.br\/orgaos-suplementares\/radio\/wp-json\/wp\/v2\/posts\/7604\/revisions"}],"wp:attachment":[{"href":"https:\/\/www.ufsm.br\/orgaos-suplementares\/radio\/wp-json\/wp\/v2\/media?parent=7604"}],"wp:term":[{"taxonomy":"category","embeddable":true,"href":"https:\/\/www.ufsm.br\/orgaos-suplementares\/radio\/wp-json\/wp\/v2\/categories?post=7604"},{"taxonomy":"post_tag","embeddable":true,"href":"https:\/\/www.ufsm.br\/orgaos-suplementares\/radio\/wp-json\/wp\/v2\/tags?post=7604"}],"curies":[{"name":"wp","href":"https:\/\/api.w.org\/{rel}","templated":true}]}}