{"id":7861,"date":"2024-10-27T21:31:16","date_gmt":"2024-10-28T00:31:16","guid":{"rendered":"https:\/\/www.ufsm.br\/orgaos-suplementares\/radio\/?p=7861"},"modified":"2024-10-28T08:57:38","modified_gmt":"2024-10-28T11:57:38","slug":"doacao-de-corpos-no-brasil-o-luto-o-preconceito-e-o-avanco-cientifico","status":"publish","type":"post","link":"https:\/\/www.ufsm.br\/orgaos-suplementares\/radio\/2024\/10\/27\/doacao-de-corpos-no-brasil-o-luto-o-preconceito-e-o-avanco-cientifico","title":{"rendered":"[GRITOS DO SIL\u00caNCIO] Doa\u00e7\u00e3o de corpos no Brasil: o luto, o preconceito e o avan\u00e7o cient\u00edfico"},"content":{"rendered":"\t\t<div data-elementor-type=\"wp-post\" data-elementor-id=\"7861\" class=\"elementor elementor-7861\">\n\t\t\t\t\t\t<section class=\"elementor-section elementor-top-section elementor-element elementor-element-b6c3545 elementor-section-boxed elementor-section-height-default elementor-section-height-default\" data-id=\"b6c3545\" data-element_type=\"section\">\n\t\t\t\t\t\t<div class=\"elementor-container elementor-column-gap-default\">\n\t\t\t\t\t<div class=\"elementor-column elementor-col-100 elementor-top-column elementor-element elementor-element-d684da5\" data-id=\"d684da5\" data-element_type=\"column\">\n\t\t\t<div class=\"elementor-widget-wrap elementor-element-populated\">\n\t\t\t\t\t\t<div class=\"elementor-element elementor-element-6991f26 elementor-widget elementor-widget-image\" data-id=\"6991f26\" data-element_type=\"widget\" data-widget_type=\"image.default\">\n\t\t\t\t<div class=\"elementor-widget-container\">\n\t\t\t\t\t\t\t\t\t\t\t\t\t<img fetchpriority=\"high\" decoding=\"async\" width=\"768\" height=\"512\" src=\"https:\/\/www.ufsm.br\/app\/uploads\/sites\/411\/2024\/10\/MGM8800-768x512.jpg\" class=\"attachment-medium_large size-medium_large wp-image-7862\" alt=\"\" srcset=\"https:\/\/www.ufsm.br\/app\/uploads\/sites\/411\/2024\/10\/MGM8800-768x512.jpg 768w, https:\/\/www.ufsm.br\/app\/uploads\/sites\/411\/2024\/10\/MGM8800-300x200.jpg 300w, https:\/\/www.ufsm.br\/app\/uploads\/sites\/411\/2024\/10\/MGM8800-1024x682.jpg 1024w, https:\/\/www.ufsm.br\/app\/uploads\/sites\/411\/2024\/10\/MGM8800-272x182.jpg 272w, https:\/\/www.ufsm.br\/app\/uploads\/sites\/411\/2024\/10\/MGM8800.jpg 1400w\" sizes=\"(max-width: 768px) 100vw, 768px\" \/>\t\t\t\t\t\t\t\t\t\t\t\t\t<\/div>\n\t\t\t\t<\/div>\n\t\t\t\t<div class=\"elementor-element elementor-element-264934f elementor-widget__width-initial elementor-widget elementor-widget-text-editor\" data-id=\"264934f\" data-element_type=\"widget\" data-widget_type=\"text-editor.default\">\n\t\t\t\t<div class=\"elementor-widget-container\">\n\t\t\t\t\t\t\t<p>\u00a0<\/p><p>Para quem tem f\u00e9, a morte \u00e9 s\u00f3 mais uma fase no grande escopo da exist\u00eancia humana. As religi\u00f5es, por mais diversas que sejam, t\u00eam algo em comum: procuram dar um significado maior para o fim da vida. Quando a hora chegar, a &#8220;alma&#8221; &#8211; objeto de salva\u00e7\u00e3o em muitas cren\u00e7as &#8211; deixar\u00e1 o corpo, que por sua vez, permanecer\u00e1 num caix\u00e3o, numa urna, ou qualquer outra op\u00e7\u00e3o que aquele indiv\u00edduo preferiu em vida.\u00a0<\/p><p><span style=\"color: #000000;font-size: 1rem;font-weight: var( --e-global-typography-text-font-weight )\">O estudo daqueles que \u201cj\u00e1 se foram\u201d n\u00e3o \u00e9 de hoje. Aconteceu, pioneiramente, no Egito Antigo, e ent\u00e3o, pouco a pouco, foi atravessando a hist\u00f3ria. Na Europa, cad\u00e1veres de criminosos eram utilizados para estudos de anatomia. Depois, a morfologia (o estudo dos seres vivos) j\u00e1 estava presente em todo o mundo e passou a ser realizada em corpos n\u00e3o-reclamados &#8211; que n\u00e3o puderam ser reconhecidos depois do falecimento.\u00a0<\/span><\/p><p><span style=\"color: #000000;font-size: 1rem;font-weight: var( --e-global-typography-text-font-weight )\">A utiliza\u00e7\u00e3o de cad\u00e1veres doados tem superado a de indigentes em diversos pa\u00edses, conforme <a href=\"https:\/\/www.scielo.br\/j\/rbem\/a\/vJRtctYWnYShywkW5hffZqr\/?format=pdf&amp;lang=pt\">pesquisa<\/a> publicada na Revista Brasileira De Educa\u00e7\u00e3o M\u00e9dica. Apesar disso, o ato ainda \u00e9 question\u00e1vel para algumas pessoas no Brasil. Tanto fatores culturais quanto a falta de conhecimento sobre a doa\u00e7\u00e3o podem ser agentes dificultadores para o processo.<\/span><\/p><p><span style=\"color: #000000;font-size: 1rem;font-weight: var( --e-global-typography-text-font-weight )\">Desde novembro de 1992, no Brasil, a lei n\u00ba 8.489 determina que a doa\u00e7\u00e3o de cad\u00e1ver pode ser feita ainda em vida. Basta que a pessoa tenha mais de 18 anos ou o consentimento dos respons\u00e1veis legais, e tenha deixado expressa a vontade de doar por meio de um testamento f\u00edsico, virtual ou uma escritura p\u00fablica. Para o procedimento acontecer depois da morte, um familiar ou representante do falecido deve ter ci\u00eancia da inten\u00e7\u00e3o de doar, concordar com o processo e preencher os mesmos testamentos.<\/span><\/p>\t\t\t\t\t\t<\/div>\n\t\t\t\t<\/div>\n\t\t\t\t\t<\/div>\n\t\t<\/div>\n\t\t\t\t\t<\/div>\n\t\t<\/section>\n\t\t\t\t<section class=\"elementor-section elementor-top-section elementor-element elementor-element-98e8f9f elementor-section-boxed elementor-section-height-default elementor-section-height-default\" data-id=\"98e8f9f\" data-element_type=\"section\">\n\t\t\t\t\t\t<div class=\"elementor-container elementor-column-gap-default\">\n\t\t\t\t\t<div class=\"elementor-column elementor-col-100 elementor-top-column elementor-element elementor-element-fd8695b\" data-id=\"fd8695b\" data-element_type=\"column\">\n\t\t\t<div class=\"elementor-widget-wrap elementor-element-populated\">\n\t\t\t\t\t\t<div class=\"elementor-element elementor-element-65af0a4 elementor-widget elementor-widget-heading\" data-id=\"65af0a4\" data-element_type=\"widget\" data-widget_type=\"heading.default\">\n\t\t\t\t<div class=\"elementor-widget-container\">\n\t\t\t<h4 class=\"elementor-heading-title elementor-size-default\"><span><p><span>Tabus e suporte psicol\u00f3gico<\/span><span><\/span><\/p><\/span><\/h4>\t\t<\/div>\n\t\t\t\t<\/div>\n\t\t\t\t\t<\/div>\n\t\t<\/div>\n\t\t\t\t\t<\/div>\n\t\t<\/section>\n\t\t\t\t<section class=\"elementor-section elementor-top-section elementor-element elementor-element-3e7bd7a elementor-section-boxed elementor-section-height-default elementor-section-height-default\" data-id=\"3e7bd7a\" data-element_type=\"section\">\n\t\t\t\t\t\t<div class=\"elementor-container elementor-column-gap-default\">\n\t\t\t\t\t<div class=\"elementor-column elementor-col-100 elementor-top-column elementor-element elementor-element-0d15527\" data-id=\"0d15527\" data-element_type=\"column\">\n\t\t\t<div class=\"elementor-widget-wrap elementor-element-populated\">\n\t\t\t\t\t\t<div class=\"elementor-element elementor-element-42a1187 elementor-widget__width-initial elementor-widget elementor-widget-text-editor\" data-id=\"42a1187\" data-element_type=\"widget\" data-widget_type=\"text-editor.default\">\n\t\t\t\t<div class=\"elementor-widget-container\">\n\t\t\t\t\t\t\t<p><span style=\"font-weight: 400\">Embora os tr\u00e2mites pare\u00e7am menos burocr\u00e1ticos do que se espera, a doa\u00e7\u00e3o de cad\u00e1veres, especialmente ap\u00f3s a morte, pode ser muito dif\u00edcil. As barreiras do preconceito e do desconhecimento acerca da pr\u00e1tica por parte dos familiares podem sobrepor o sonho de um futuro doador.\u00a0<\/span><\/p><p><span style=\"color: #000000;font-size: 1rem\">Em um <\/span><a style=\"font-size: 1rem;font-weight: var( --e-global-typography-text-font-weight )\" href=\"https:\/\/www.scielo.br\/j\/rbem\/a\/mrnB9X4L5M8MBkNNNkzb9xL\/#:~:text=Resultado:,quero%20ser%20enterrado%20ou%20cremado%E2%80%9D.\">estudo<\/a><span style=\"color: #000000;font-size: 1rem\"> realizado em 2023 na Universidade Federal do Maranh\u00e3o com 125 discentes da \u00e1rea da sa\u00fade, 35,2% dos entrevistados alegaram que n\u00e3o doariam o pr\u00f3prio corpo. Entre os acad\u00eamicos, 9,1% apontaram que seus familiares n\u00e3o aceitariam, 6,8% n\u00e3o doariam por motivos religiosos e 4,5% por vergonha de reconhecimento.<\/span><\/p><p>A psic\u00f3loga Maria Maristela Jordani explica que, \u00e0s vezes, h\u00e1 quem n\u00e3o deseje que seus familiares doem, mesmo tendo eles o direito e o pedido atestado. Nesses casos, ela auxilia a fam\u00edlia do doador a \u201celaborar tanto a \u2018culpa\u2019, quanto o luto\u201d. O servi\u00e7o prestado por Maria e por outros psic\u00f3logos que atuam em centrais de doa\u00e7\u00e3o \u00e9 uma das formas de combater os preconceitos relativos ao processo.\u00a0<\/p><p>Segundo a profissional, ap\u00f3s 20 dias de doa\u00e7\u00e3o, os profissionais v\u00e3o at\u00e9 as fam\u00edlias e oferecem um atendimento que ela define como acolhedor e humanizado. Essa etapa serve para \u201cressignificar o luto, ocupando os familiares com a perspectiva de movimento, de que o corpo n\u00e3o ser\u00e1 mais \u2018utilizado\u2019 pelo seu ente querido\u201d.<\/p>\t\t\t\t\t\t<\/div>\n\t\t\t\t<\/div>\n\t\t\t\t\t<\/div>\n\t\t<\/div>\n\t\t\t\t\t<\/div>\n\t\t<\/section>\n\t\t\t\t<section class=\"elementor-section elementor-top-section elementor-element elementor-element-419b9a3 elementor-section-boxed elementor-section-height-default elementor-section-height-default\" data-id=\"419b9a3\" data-element_type=\"section\">\n\t\t\t\t\t\t<div class=\"elementor-container elementor-column-gap-default\">\n\t\t\t\t\t<div class=\"elementor-column elementor-col-100 elementor-top-column elementor-element elementor-element-a5d2e17\" data-id=\"a5d2e17\" data-element_type=\"column\">\n\t\t\t<div class=\"elementor-widget-wrap elementor-element-populated\">\n\t\t\t\t\t\t<div class=\"elementor-element elementor-element-8e22764 elementor-widget elementor-widget-heading\" data-id=\"8e22764\" data-element_type=\"widget\" data-widget_type=\"heading.default\">\n\t\t\t\t<div class=\"elementor-widget-container\">\n\t\t\t<h4 class=\"elementor-heading-title elementor-size-default\"><span><p><span>A doa\u00e7\u00e3o volunt\u00e1ria de corpos na UFSM<\/span><span><\/span><\/p><\/span><\/h4>\t\t<\/div>\n\t\t\t\t<\/div>\n\t\t\t\t\t<\/div>\n\t\t<\/div>\n\t\t\t\t\t<\/div>\n\t\t<\/section>\n\t\t\t\t<section class=\"elementor-section elementor-top-section elementor-element elementor-element-921138c elementor-section-boxed elementor-section-height-default elementor-section-height-default\" data-id=\"921138c\" data-element_type=\"section\">\n\t\t\t\t\t\t<div class=\"elementor-container elementor-column-gap-default\">\n\t\t\t\t\t<div class=\"elementor-column elementor-col-100 elementor-top-column elementor-element elementor-element-17ab9b3\" data-id=\"17ab9b3\" data-element_type=\"column\">\n\t\t\t<div class=\"elementor-widget-wrap elementor-element-populated\">\n\t\t\t\t\t\t<div class=\"elementor-element elementor-element-b4ec0ff elementor-widget__width-initial elementor-widget elementor-widget-text-editor\" data-id=\"b4ec0ff\" data-element_type=\"widget\" data-widget_type=\"text-editor.default\">\n\t\t\t\t<div class=\"elementor-widget-container\">\n\t\t\t\t\t\t\t<p><span style=\"background-color: transparent;color: #000000;font-family: Arial, sans-serif;font-size: 12pt\">Na Universidade Federal de Santa Maria, o Departamento de Morfologia, ligado ao Centro de Ci\u00eancias da Sa\u00fade, recebe doa\u00e7\u00f5es desde 2016, quando deu in\u00edcio ao Programa de Doa\u00e7\u00e3o Volunt\u00e1ria de Corpos. A a\u00e7\u00e3o \u00e9 fundamental para estudantes de 18 cursos, de gradua\u00e7\u00e3o e p\u00f3s-gradua\u00e7\u00e3o, que t\u00eam seu primeiro contato com cad\u00e1veres humanos na disciplina de Anatomia.<\/span><\/p><p dir=\"ltr\" style=\"line-height: 1.38;text-align: justify;margin-top: 0pt;margin-bottom: 0pt\"><span style=\"font-size: 12pt;font-family: Arial,sans-serif;color: #000000;background-color: transparent;font-weight: 400;font-style: normal;font-variant: normal;text-decoration: none;vertical-align: baseline\">De acordo com o coordenador do programa, Carlos Eduardo Seyfert, o departamento conta, hoje, com 11 cad\u00e1veres advindos de doa\u00e7\u00f5es. H\u00e1 anos, o programa n\u00e3o recebe corpos indigentes. Nos m\u00e9todos de ensino se mant\u00e9m o respeito ao cad\u00e1ver: n\u00e3o s\u00e3o permitidas fotografias, nem filmagens, no momento da aula.\u00a0<\/span><\/p><p dir=\"ltr\" style=\"line-height: 1.38;text-align: justify;margin-top: 0pt;margin-bottom: 0pt\"><span style=\"font-size: 12pt;font-family: Arial,sans-serif;color: #000000;background-color: transparent;font-weight: 400;font-style: normal;font-variant: normal;text-decoration: none;vertical-align: baseline\">\u00a0<\/span><\/p><p dir=\"ltr\" style=\"line-height: 1.38;text-align: justify;margin-top: 0pt;margin-bottom: 0pt\"><span style=\"background-color: transparent;color: #000000;font-family: Arial, sans-serif;font-size: 12pt\">Os professores fazem quest\u00e3o de conversar com os alunos sobre a import\u00e2ncia desse estudo e o qu\u00e3o dificultosa pode ser a doa\u00e7\u00e3o. Em algumas universidades, os estudantes passam pela forma\u00e7\u00e3o sem manejar corpos humanos. Na tentativa de suprir a falta de cad\u00e1veres, livros de anatomia s\u00e3o utilizados e modelos em pl\u00e1stico, resina ou simuladores virtuais auxiliam para uma maior compreens\u00e3o das pr\u00e1ticas f\u00edsicas.<\/span><\/p><p dir=\"ltr\" style=\"line-height: 1.38;text-align: justify;margin-top: 0pt;margin-bottom: 0pt\"><span style=\"color: #000000;font-family: Arial, sans-serif;font-size: 12pt;background-color: transparent;vertical-align: baseline\">\u00a0<\/span><\/p><p dir=\"ltr\" style=\"line-height: 1.38;text-align: justify;margin-top: 0pt;margin-bottom: 0pt\"><span style=\"color: #000000;font-family: Arial, sans-serif;font-size: 12pt;background-color: transparent;vertical-align: baseline\">Para realizar a doa\u00e7\u00e3o para a UFSM, \u00e9 preciso preencher as declara\u00e7\u00f5es necess\u00e1rias, sendo uma <\/span><a style=\"font-weight: var( --e-global-typography-text-font-weight )\" href=\"https:\/\/www.ufsm.br\/app\/uploads\/sites\/371\/2019\/08\/DOC-01-DECLARAO-DOAO.pdf\"><span style=\"font-size: 12pt;font-family: Arial, sans-serif;color: #1155cc;background-color: transparent;vertical-align: baseline\">para si<\/span><\/a><span style=\"color: #000000;font-family: Arial, sans-serif;font-size: 12pt;background-color: transparent;vertical-align: baseline\"> e outra para <\/span><a style=\"font-weight: var( --e-global-typography-text-font-weight )\" href=\"https:\/\/www.ufsm.br\/app\/uploads\/sites\/371\/2019\/08\/DOC-02-DECLARAO-DOAO-FAMILIA.pdf\"><span style=\"font-size: 12pt;font-family: Arial, sans-serif;color: #1155cc;background-color: transparent;vertical-align: baseline\">terceiros<\/span><\/a><span style=\"color: #000000;font-family: Arial, sans-serif;font-size: 12pt;background-color: transparent;vertical-align: baseline\">. Para mais informa\u00e7\u00f5es sobre o procedimento dentro da Universidade, \u00e9 poss\u00edvel entrar em contato com o endere\u00e7o de e-mail: <\/span><span style=\"color: #000000;font-family: Arial, sans-serif;font-size: 12pt;background-color: transparent;font-style: italic;vertical-align: baseline\">doeseucorpo@ufsm.br<\/span><span style=\"color: #000000;font-family: Arial, sans-serif;font-size: 12pt;background-color: transparent;vertical-align: baseline\">.<\/span><\/p>\t\t\t\t\t\t<\/div>\n\t\t\t\t<\/div>\n\t\t\t\t\t<\/div>\n\t\t<\/div>\n\t\t\t\t\t<\/div>\n\t\t<\/section>\n\t\t\t\t<section class=\"elementor-section elementor-top-section elementor-element elementor-element-02cba5e elementor-section-boxed elementor-section-height-default elementor-section-height-default\" data-id=\"02cba5e\" data-element_type=\"section\">\n\t\t\t\t\t\t<div class=\"elementor-container elementor-column-gap-default\">\n\t\t\t\t\t<div class=\"elementor-column elementor-col-100 elementor-top-column elementor-element elementor-element-94988ab\" data-id=\"94988ab\" data-element_type=\"column\">\n\t\t\t<div class=\"elementor-widget-wrap elementor-element-populated\">\n\t\t\t\t\t\t<div class=\"elementor-element elementor-element-cf2a52f elementor-position-left elementor-vertical-align-top elementor-widget elementor-widget-image-box\" data-id=\"cf2a52f\" data-element_type=\"widget\" data-widget_type=\"image-box.default\">\n\t\t\t\t<div class=\"elementor-widget-container\">\n\t\t\t<div class=\"elementor-image-box-wrapper\"><figure class=\"elementor-image-box-img\"><img decoding=\"async\" width=\"150\" height=\"150\" src=\"https:\/\/www.ufsm.br\/app\/uploads\/sites\/411\/2024\/10\/predro-scaled-e1730076390300-150x150.jpg\" class=\"elementor-animation-pulse attachment-thumbnail size-thumbnail wp-image-7864\" alt=\"\" \/><\/figure><div class=\"elementor-image-box-content\"><h3 class=\"elementor-image-box-title\">Pedro Gon\u00e7alves<\/h3><p class=\"elementor-image-box-description\"><span style=\"font-size: 16px\">Rep\u00f3rter do Gritos do Sil\u00eancio, estudante de Jornalismo pela UFSM. Contato:&nbsp;pedro.marion<\/span><span style=\"font-size: 16px\">@acad.ufsm.br<\/span><\/p><\/div><\/div>\t\t<\/div>\n\t\t\t\t<\/div>\n\t\t\t\t<div class=\"elementor-element elementor-element-d3fdcc5 elementor-widget elementor-widget-text-editor\" data-id=\"d3fdcc5\" data-element_type=\"widget\" data-widget_type=\"text-editor.default\">\n\t\t\t\t<div class=\"elementor-widget-container\">\n\t\t\t\t\t\t\t<div style=\"flex-basis: var(--flex-basis);flex-grow: var(--flex-grow);flex-shrink: var(--flex-shrink);align-self: var(--align-self);flex-direction: var(--flex-direction);flex-wrap: var(--flex-wrap);justify-content: var(--justify-content);align-items: var(--align-items);align-content: var(--align-content);gap: var(--gap);--swiper-theme-color: #000;--swiper-navigation-size: 44px;--swiper-pagination-bullet-size: 6px;--swiper-pagination-bullet-horizontal-gap: 6px;color: #000000;width: 1062px;font-size: 16px\" data-id=\"5ef162e\" data-element_type=\"widget\" data-widget_type=\"text-editor.default\"><div><p><span style=\"font-weight: bolder\">Foto: <\/span>Rafael Happke\/<span style=\"background-color: transparent;color: #000000;font-family: Arial, sans-serif;font-size: 12pt;font-style: italic;text-align: justify;font-weight: var( --e-global-typography-text-font-weight )\">Revista Arco<\/span><\/p><\/div><\/div><div style=\"flex-basis: var(--flex-basis);flex-grow: var(--flex-grow);flex-shrink: var(--flex-shrink);align-self: var(--align-self);flex-direction: var(--flex-direction);flex-wrap: var(--flex-wrap);justify-content: var(--justify-content);align-items: var(--align-items);align-content: var(--align-content);gap: var(--gap);--swiper-theme-color: #000;--swiper-navigation-size: 44px;--swiper-pagination-bullet-size: 6px;--swiper-pagination-bullet-horizontal-gap: 6px;color: #000000;font-weight: 400;width: 1062px;font-size: 16px\" data-id=\"b772e4b\" data-element_type=\"widget\" data-widget_type=\"text-editor.default\"><div><p><span style=\"font-weight: bolder\">Edi\u00e7\u00e3o e publica\u00e7\u00e3o:<\/span>\u00a0<span style=\"color: #000000;font-size: 16px;text-align: var(--bs-body-text-align)\">Kemyllin Dutra<\/span><span style=\"color: #000000;font-size: 16px;font-weight: var( --e-global-typography-text-font-weight );text-align: var(--bs-body-text-align)\">, r<\/span><span style=\"color: #1c1c1c;font-size: 16px;text-align: var(--bs-body-text-align)\">ep\u00f3rter do Gritos do Sil\u00eancio, estudante de Jornalismo pela UFSM.<\/span><\/p><p><span style=\"color: #1c1c1c;font-size: 16px;text-align: var(--bs-body-text-align)\">Contato: kemyllin.dutra@acad.ufsm.br<\/span><\/p><\/div><\/div>\t\t\t\t\t\t<\/div>\n\t\t\t\t<\/div>\n\t\t\t\t\t<\/div>\n\t\t<\/div>\n\t\t\t\t\t<\/div>\n\t\t<\/section>\n\t\t\t\t<\/div>\n\t\t","protected":false},"excerpt":{"rendered":"<p>Estudo aponta motivos religiosos e falta de aceita\u00e7\u00e3o familiar como barreira<\/p>\n","protected":false},"author":8142,"featured_media":7862,"comment_status":"closed","ping_status":"closed","sticky":false,"template":"","format":"standard","meta":{"episode_type":"","audio_file":"","cover_image":"","cover_image_id":"","duration":"","filesize":"","date_recorded":"","explicit":"","block":"","filesize_raw":"","footnotes":""},"categories":[1],"tags":[],"class_list":["post-7861","post","type-post","status-publish","format-standard","has-post-thumbnail","hentry","category-geral"],"acf":[],"_links":{"self":[{"href":"https:\/\/www.ufsm.br\/orgaos-suplementares\/radio\/wp-json\/wp\/v2\/posts\/7861","targetHints":{"allow":["GET"]}}],"collection":[{"href":"https:\/\/www.ufsm.br\/orgaos-suplementares\/radio\/wp-json\/wp\/v2\/posts"}],"about":[{"href":"https:\/\/www.ufsm.br\/orgaos-suplementares\/radio\/wp-json\/wp\/v2\/types\/post"}],"author":[{"embeddable":true,"href":"https:\/\/www.ufsm.br\/orgaos-suplementares\/radio\/wp-json\/wp\/v2\/users\/8142"}],"replies":[{"embeddable":true,"href":"https:\/\/www.ufsm.br\/orgaos-suplementares\/radio\/wp-json\/wp\/v2\/comments?post=7861"}],"version-history":[{"count":0,"href":"https:\/\/www.ufsm.br\/orgaos-suplementares\/radio\/wp-json\/wp\/v2\/posts\/7861\/revisions"}],"wp:featuredmedia":[{"embeddable":true,"href":"https:\/\/www.ufsm.br\/orgaos-suplementares\/radio\/wp-json\/wp\/v2\/media\/7862"}],"wp:attachment":[{"href":"https:\/\/www.ufsm.br\/orgaos-suplementares\/radio\/wp-json\/wp\/v2\/media?parent=7861"}],"wp:term":[{"taxonomy":"category","embeddable":true,"href":"https:\/\/www.ufsm.br\/orgaos-suplementares\/radio\/wp-json\/wp\/v2\/categories?post=7861"},{"taxonomy":"post_tag","embeddable":true,"href":"https:\/\/www.ufsm.br\/orgaos-suplementares\/radio\/wp-json\/wp\/v2\/tags?post=7861"}],"curies":[{"name":"wp","href":"https:\/\/api.w.org\/{rel}","templated":true}]}}