{"id":7940,"date":"2026-03-06T17:09:42","date_gmt":"2026-03-06T20:09:42","guid":{"rendered":"https:\/\/www.ufsm.br\/orgaos-suplementares\/radio\/?p=7940"},"modified":"2026-03-06T17:25:04","modified_gmt":"2026-03-06T20:25:04","slug":"serie-de-entrevistas-destaca-trajetorias-de-mulheres-que-fazem-a-ufsm","status":"publish","type":"post","link":"https:\/\/www.ufsm.br\/orgaos-suplementares\/radio\/2026\/03\/06\/serie-de-entrevistas-destaca-trajetorias-de-mulheres-que-fazem-a-ufsm","title":{"rendered":"S\u00e9rie de entrevistas destaca trajet\u00f3rias de mulheres que fazem a UFSM"},"content":{"rendered":"\n<p>Entre os dias 9 e 13 de mar\u00e7o, a UniFM 107.9 apresenta a s\u00e9rie de entrevistas <strong>\u201cMulheres que fazem a UFSM: trajet\u00f3rias que inspiram\u201d<\/strong>, veiculada dentro do programa Ponto de Partida, que vai ao ar das 7h \u00e0s 8h30, com as entrevistas transmitidas em torno das 8h.<\/p>\n\n\n\n<p>A iniciativa integra a programa\u00e7\u00e3o do m\u00eas de mar\u00e7o em alus\u00e3o ao Dia Internacional das Mulheres e busca dar visibilidade \u00e0s trajet\u00f3rias daquelas que ocupam espa\u00e7os de lideran\u00e7a, ensino, pesquisa e extens\u00e3o na Universidade Federal de Santa Maria. A s\u00e9rie \u00e9 uma parceria da Casa Ver\u00f4nica, da Pr\u00f3-Reitoria de Extens\u00e3o e das <a href=\"http:\/\/ufsm.br\/radio\">R\u00e1dios da UFSM<\/a>.<\/p>\n\n\n\n<p>As entrevistadas compartilham experi\u00eancias profissionais e pessoais, refletindo sobre os desafios e as contribui\u00e7\u00f5es das mulheres em suas \u00e1reas e na constru\u00e7\u00e3o da Universidade e da sociedade. A condu\u00e7\u00e3o \u00e9 da estudante de Jornalismo Prisley Zuse.<\/p>\n\n\n\n<h2 class=\"wp-block-heading\"><strong>Convidadas da s\u00e9rie<\/strong><\/h2>\n\n\n\n<p>Cinco mulheres com trajet\u00f3rias de destaque em diferentes \u00e1reas participam da iniciativa:<\/p>\n\n\n\n<ul class=\"wp-block-list\">\n<li>Segunda-feira (9): <strong>Renata Rojas<\/strong>, professora do Departamento de Estat\u00edstica. Recebeu em 2025 o Pr\u00eamio Para Mulheres na Ci\u00eancia (L\u2019Or\u00e9al\/ABC\/UNESCO). Integra a Academia Brasileira de Ci\u00eancias e atua como embaixadora do Instituto Internacional de Estat\u00edstica. Coordena o projeto GuriasTec, que incentiva meninas na \u00e1rea da tecnologia.<\/li>\n\n\n\n<li>Ter\u00e7a-feira (10): <strong>Elaine Resener<\/strong>, professora de Ginecologia e Obstetr\u00edcia. Primeira e \u00fanica mulher a dirigir o Hospital Universit\u00e1rio de Santa Maria (HUSM) e a atuar como superintendente da Ebserh na institui\u00e7\u00e3o. Tamb\u00e9m foi Secret\u00e1ria de Sa\u00fade de Santa Maria (2006-2009). Ao longo da carreira, recebeu 29 comendas e distin\u00e7\u00f5es por sua atua\u00e7\u00e3o acad\u00eamica e na gest\u00e3o em sa\u00fade p\u00fablica.<\/li>\n\n\n\n<li>Quarta-feira (11): <strong>Simone Messina<\/strong>, T\u00e9cnica em Assuntos Educacionais e Doutora em Educa\u00e7\u00e3o pela UFSM. Diretora do Jardim Bot\u00e2nico da UFSM, \u00e9 refer\u00eancia em iniciativas de educa\u00e7\u00e3o ambiental e na aproxima\u00e7\u00e3o entre Universidade e comunidade.<\/li>\n\n\n\n<li>Quinta-feira (12): <strong>Raquel Guerra<\/strong>, professora do Centro de Artes e Letras, com atua\u00e7\u00e3o voltada a projetos que articulam teatro, circo, audiovisual e forma\u00e7\u00e3o art\u00edstica. Raquel tamb\u00e9m dirigiu o Teatro Caixa Preta em sua reabertura e atualmente est\u00e1 \u00e0 frente da Coordenadoria de Cultura e Arte da UFSM.<\/li>\n\n\n\n<li>Sexta-feira (13): <strong>Marcia Henke<\/strong>, professora do Curso Superior de Redes de Computadores do Col\u00e9gio T\u00e9cnico Industrial de Santa Maria (CTISM). Doutora em Inform\u00e1tica, coordena o projeto de extens\u00e3o Gurias em Redes, que aproxima meninas em idade escolar da \u00e1rea da computa\u00e7\u00e3o.<\/li>\n<\/ul>\n\n\n\n<p>A s\u00e9rie \u201cMulheres que fazem a UFSM: trajet\u00f3rias que inspiram\u201d pode ser acompanhada no programa Ponto de Partida, pela UniFM 107.9 e pelo&nbsp; <a href=\"http:\/\/ufsm.br\/radio\">site<\/a>. Posteriormente, as entrevistas tamb\u00e9m estar\u00e3o dispon\u00edveis no <a href=\"https:\/\/open.spotify.com\/show\/1kh22biupdbZzdntWKXO5a?si=cbc84c61a7b54c21\">Spotify das R\u00e1dios da UFSM<\/a>.<\/p>\n\n\n\n<h1 class=\"wp-block-heading\"><\/h1>\n\n\n\n\n","protected":false},"excerpt":{"rendered":"<p>Entre os dias 9 e 13 de mar\u00e7o, a UniFM 107.9 apresenta a s\u00e9rie de entrevistas \u201cMulheres que fazem a UFSM: trajet\u00f3rias que inspiram\u201d, veiculada dentro do programa Ponto de Partida, que vai ao ar das 7h \u00e0s 8h30, com as entrevistas transmitidas em torno das 8h. A iniciativa integra a programa\u00e7\u00e3o do m\u00eas de [&hellip;]<\/p>\n","protected":false},"author":3748,"featured_media":7941,"comment_status":"closed","ping_status":"closed","sticky":false,"template":"","format":"standard","meta":{"episode_type":"","audio_file":"","cover_image":"","cover_image_id":"","duration":"","filesize":"","date_recorded":"","explicit":"","block":"","filesize_raw":"","footnotes":""},"categories":[1],"tags":[],"class_list":["post-7940","post","type-post","status-publish","format-standard","has-post-thumbnail","hentry","category-geral"],"acf":[],"_links":{"self":[{"href":"https:\/\/www.ufsm.br\/orgaos-suplementares\/radio\/wp-json\/wp\/v2\/posts\/7940","targetHints":{"allow":["GET"]}}],"collection":[{"href":"https:\/\/www.ufsm.br\/orgaos-suplementares\/radio\/wp-json\/wp\/v2\/posts"}],"about":[{"href":"https:\/\/www.ufsm.br\/orgaos-suplementares\/radio\/wp-json\/wp\/v2\/types\/post"}],"author":[{"embeddable":true,"href":"https:\/\/www.ufsm.br\/orgaos-suplementares\/radio\/wp-json\/wp\/v2\/users\/3748"}],"replies":[{"embeddable":true,"href":"https:\/\/www.ufsm.br\/orgaos-suplementares\/radio\/wp-json\/wp\/v2\/comments?post=7940"}],"version-history":[{"count":0,"href":"https:\/\/www.ufsm.br\/orgaos-suplementares\/radio\/wp-json\/wp\/v2\/posts\/7940\/revisions"}],"wp:featuredmedia":[{"embeddable":true,"href":"https:\/\/www.ufsm.br\/orgaos-suplementares\/radio\/wp-json\/wp\/v2\/media\/7941"}],"wp:attachment":[{"href":"https:\/\/www.ufsm.br\/orgaos-suplementares\/radio\/wp-json\/wp\/v2\/media?parent=7940"}],"wp:term":[{"taxonomy":"category","embeddable":true,"href":"https:\/\/www.ufsm.br\/orgaos-suplementares\/radio\/wp-json\/wp\/v2\/categories?post=7940"},{"taxonomy":"post_tag","embeddable":true,"href":"https:\/\/www.ufsm.br\/orgaos-suplementares\/radio\/wp-json\/wp\/v2\/tags?post=7940"}],"curies":[{"name":"wp","href":"https:\/\/api.w.org\/{rel}","templated":true}]}}