{"id":964,"date":"2014-07-15T21:02:00","date_gmt":"2014-07-16T00:02:00","guid":{"rendered":"https:\/\/www.ufsm.br\/orgaos-suplementares\/radio\/2014\/07\/15\/coxilhanativista\/"},"modified":"2014-07-15T21:02:00","modified_gmt":"2014-07-16T00:02:00","slug":"coxilhanativista","status":"publish","type":"post","link":"https:\/\/www.ufsm.br\/orgaos-suplementares\/radio\/2014\/07\/15\/coxilhanativista","title":{"rendered":"Coxilha Nativista ao vivo na Universidade AM"},"content":{"rendered":"<p><img decoding=\"async\" align=\"left\" style=\"margin-right: 10px\" title=\"Universidade AM nos festivais\" alt=\"Universidade AM nos festivais\" src=\"https:\/\/www.ufsm.br\/orgaos-suplementares\/radio\/wp-content\/uploads\/sites\/411\/2014\/07\/coxilha-1.jpg\">A <b>R\u00e1dio Universidade<\/b> transmite nos dias 31\/07 a  02\/08 a <b>34\u00aa Coxilha Nativista<\/b>, direto de Cruz  Alta.<\/p>\n<p> O evento acontece no Gin\u00e1sio de Esportes da cidade, onde tamb\u00e9m  ter\u00e3o as apresenta\u00e7\u00f5es da 30\u00aa Coxilha Pi\u00e1. No Parque Integrado  de Exposi\u00e7\u00f5es as atividades desenvolvidas ser\u00e3o o Rodeio, o  Acampamento, o concurso Mi Maior de Gavet\u00e3o, al\u00e9m do tradicional  Baile da Coxilha que encerra as atividades do festival no  s\u00e1bado, 02\/08.<\/p>\n<p> A Equipe 800 AM de Nativismo est\u00e1 escalada com os profissionais  Hilo Paim, Gilberto Soares e Celso Franzen, sob dire\u00e7\u00e3o de  Renato Molina. A cobertura tem in\u00edcio \u00e0s 21h00 e pode ser ouvida  pelos <b>800 AM<\/b> e aqui no site via web.<\/p>\n","protected":false},"excerpt":{"rendered":"<p>A R\u00e1dio Universidade transmite nos dias 31\/07 a 02\/08 a 34\u00aa Coxilha Nativista, direto de Cruz Alta. O evento acontece no Gin\u00e1sio de Esportes da cidade, onde tamb\u00e9m ter\u00e3o as apresenta\u00e7\u00f5es da 30\u00aa Coxilha Pi\u00e1. No Parque Integrado de Exposi\u00e7\u00f5es as atividades desenvolvidas ser\u00e3o o Rodeio, o Acampamento, o concurso Mi Maior de Gavet\u00e3o, al\u00e9m [&hellip;]<\/p>\n","protected":false},"author":8,"featured_media":962,"comment_status":"closed","ping_status":"closed","sticky":false,"template":"","format":"standard","meta":{"episode_type":"","audio_file":"","cover_image":"","cover_image_id":"","duration":"","filesize":"","date_recorded":"","explicit":"","block":"","filesize_raw":"","footnotes":""},"categories":[1],"tags":[],"class_list":["post-964","post","type-post","status-publish","format-standard","has-post-thumbnail","hentry","category-geral"],"acf":[],"_links":{"self":[{"href":"https:\/\/www.ufsm.br\/orgaos-suplementares\/radio\/wp-json\/wp\/v2\/posts\/964","targetHints":{"allow":["GET"]}}],"collection":[{"href":"https:\/\/www.ufsm.br\/orgaos-suplementares\/radio\/wp-json\/wp\/v2\/posts"}],"about":[{"href":"https:\/\/www.ufsm.br\/orgaos-suplementares\/radio\/wp-json\/wp\/v2\/types\/post"}],"author":[{"embeddable":true,"href":"https:\/\/www.ufsm.br\/orgaos-suplementares\/radio\/wp-json\/wp\/v2\/users\/8"}],"replies":[{"embeddable":true,"href":"https:\/\/www.ufsm.br\/orgaos-suplementares\/radio\/wp-json\/wp\/v2\/comments?post=964"}],"version-history":[{"count":0,"href":"https:\/\/www.ufsm.br\/orgaos-suplementares\/radio\/wp-json\/wp\/v2\/posts\/964\/revisions"}],"wp:featuredmedia":[{"embeddable":true,"href":"https:\/\/www.ufsm.br\/orgaos-suplementares\/radio\/wp-json\/wp\/v2\/media\/962"}],"wp:attachment":[{"href":"https:\/\/www.ufsm.br\/orgaos-suplementares\/radio\/wp-json\/wp\/v2\/media?parent=964"}],"wp:term":[{"taxonomy":"category","embeddable":true,"href":"https:\/\/www.ufsm.br\/orgaos-suplementares\/radio\/wp-json\/wp\/v2\/categories?post=964"},{"taxonomy":"post_tag","embeddable":true,"href":"https:\/\/www.ufsm.br\/orgaos-suplementares\/radio\/wp-json\/wp\/v2\/tags?post=964"}],"curies":[{"name":"wp","href":"https:\/\/api.w.org\/{rel}","templated":true}]}}