{"id":1038,"date":"2026-02-23T17:18:00","date_gmt":"2026-02-23T20:18:00","guid":{"rendered":"https:\/\/www.ufsm.br\/orgaos-suplementares\/ru\/?p=1038"},"modified":"2026-02-23T17:18:01","modified_gmt":"2026-02-23T20:18:01","slug":"ru-fechado-na-sexta-feira-27-02-entrega-do-kit-aos-moradores-da-ceu-quinta","status":"publish","type":"post","link":"https:\/\/www.ufsm.br\/orgaos-suplementares\/ru\/2026\/02\/23\/ru-fechado-na-sexta-feira-27-02-entrega-do-kit-aos-moradores-da-ceu-quinta","title":{"rendered":"RU Fechado na Sexta-Feira (27\/02) &#8211; Entrega do Kit aos moradores da CEU (Quinta)"},"content":{"rendered":"\n<p>O Restaurante Universit\u00e1rio informa que estar\u00e1\u00a0<strong>FECHADO<\/strong> no dia 27 de fevereiro de 2026 (Sexta-feira).\u00a0<\/p>\n<p><strong>Motivo: Curso de Capacita\u00e7\u00e3o para servidores e funcion\u00e1rios dos RUs e Ip\u00ea Amarelo da UFSM<\/strong><\/p>\n<p>Assim, o RU n\u00e3o servir\u00e1 refei\u00e7\u00f5es neste dia, s\u00e1bado e domingo e ser\u00e1 ofertado Kit de Distribui\u00e7\u00e3o a moradores(as) da Casa do Estudante Universit\u00e1rio (CEU).<\/p>\n<ul>\n<li>O Kit contempla as refei\u00e7\u00f5es dos dias 27, 28\/02 e 01\/03 (caf\u00e9 da manh\u00e3, almo\u00e7o e jantar);<\/li>\n<li><strong>O prazo de agendamento ser\u00e1 at\u00e9 12h de quarta (25\/02);<\/strong><\/li>\n<li>A entrega dos Kits acontece no refeit\u00f3rio do RU I na quinta-feira (26\/02);<\/li>\n<li>O hor\u00e1rio da entrega dos Kits \u00e9 das 15h30 \u00e0s 17h;<\/li>\n<li>Os(as) usu\u00e1rios(as) dever\u00e3o trazer recursos (sacolas, caixas, entre outros) para acondicionamento e transporte dos g\u00eaneros aliment\u00edcios.<\/li>\n<\/ul>\n<p>A retirada do kit por terceiros \u00e9 poss\u00edvel neste caso, visto que a entrega ocorre em um dia de semana.<\/p>\n<p>Para autorizar um terceiro a retirar seu Kit, \u00e9 necess\u00e1rio enviar para o e-mail da secretaria do RU (secretaria.ru@ufsm.br) o seguinte:<\/p>\n<ul>\n<li>Comprovante de matr\u00edcula ou termo de est\u00e1gio (comprovando atividade acad\u00eamica no mesmo hor\u00e1rio da distribui\u00e7\u00e3o), ou atestado m\u00e9dico se por motivo de sa\u00fade;<\/li>\n<li>Para outras atividades acad\u00eamicas, pode ser enviado um e-mail do professor respons\u00e1vel atestando que o aluno estar\u00e1 em atividade.<\/li>\n<li>Seu nome completo e n\u00famero de matr\u00edcula;<\/li>\n<li>Nome completo e n\u00famero de matr\u00edcula da pessoa autorizada a retirar seu Kit.<\/li>\n<\/ul>\n<p><strong>IMPORTANTE:\u00a0 o e-mail deve ser enviado at\u00e9 as 14h do dia da entrega do Kit de Distribui\u00e7\u00e3o.<\/strong><\/p>\n<p>Mais informa\u00e7\u00f5es na secretaria do RU ou pelo e-mail secretaria.ru@ufsm.br<\/p>\n","protected":false},"excerpt":{"rendered":"<p>O Restaurante Universit\u00e1rio informa que estar\u00e1\u00a0FECHADO no dia 27 de fevereiro de 2026 (Sexta-feira).\u00a0 Motivo: Curso de Capacita\u00e7\u00e3o para servidores e funcion\u00e1rios dos RUs e Ip\u00ea Amarelo da UFSM Assim, o RU n\u00e3o servir\u00e1 refei\u00e7\u00f5es neste dia, s\u00e1bado e domingo e ser\u00e1 ofertado Kit de Distribui\u00e7\u00e3o a moradores(as) da Casa do Estudante Universit\u00e1rio (CEU). O [&hellip;]<\/p>\n","protected":false},"author":7385,"featured_media":0,"comment_status":"closed","ping_status":"closed","sticky":false,"template":"","format":"standard","meta":{"footnotes":""},"categories":[1],"tags":[],"class_list":["post-1038","post","type-post","status-publish","format-standard","hentry","category-noticias"],"acf":[],"_links":{"self":[{"href":"https:\/\/www.ufsm.br\/orgaos-suplementares\/ru\/wp-json\/wp\/v2\/posts\/1038","targetHints":{"allow":["GET"]}}],"collection":[{"href":"https:\/\/www.ufsm.br\/orgaos-suplementares\/ru\/wp-json\/wp\/v2\/posts"}],"about":[{"href":"https:\/\/www.ufsm.br\/orgaos-suplementares\/ru\/wp-json\/wp\/v2\/types\/post"}],"author":[{"embeddable":true,"href":"https:\/\/www.ufsm.br\/orgaos-suplementares\/ru\/wp-json\/wp\/v2\/users\/7385"}],"replies":[{"embeddable":true,"href":"https:\/\/www.ufsm.br\/orgaos-suplementares\/ru\/wp-json\/wp\/v2\/comments?post=1038"}],"version-history":[{"count":0,"href":"https:\/\/www.ufsm.br\/orgaos-suplementares\/ru\/wp-json\/wp\/v2\/posts\/1038\/revisions"}],"wp:attachment":[{"href":"https:\/\/www.ufsm.br\/orgaos-suplementares\/ru\/wp-json\/wp\/v2\/media?parent=1038"}],"wp:term":[{"taxonomy":"category","embeddable":true,"href":"https:\/\/www.ufsm.br\/orgaos-suplementares\/ru\/wp-json\/wp\/v2\/categories?post=1038"},{"taxonomy":"post_tag","embeddable":true,"href":"https:\/\/www.ufsm.br\/orgaos-suplementares\/ru\/wp-json\/wp\/v2\/tags?post=1038"}],"curies":[{"name":"wp","href":"https:\/\/api.w.org\/{rel}","templated":true}]}}