{"id":109,"date":"2016-10-04T13:35:42","date_gmt":"2016-10-04T16:35:42","guid":{"rendered":"https:\/\/www.ufsm.br\/orgaos-suplementares\/ru\/2016\/10\/04\/nao-havera-guarnicao-nas-refeicoes-de-quarta-05-10\/"},"modified":"2016-10-04T13:35:42","modified_gmt":"2016-10-04T16:35:42","slug":"nao-havera-guarnicao-nas-refeicoes-de-quarta-05-10","status":"publish","type":"post","link":"https:\/\/www.ufsm.br\/orgaos-suplementares\/ru\/2016\/10\/04\/nao-havera-guarnicao-nas-refeicoes-de-quarta-05-10","title":{"rendered":"N\u00e3o haver\u00e1 guarni\u00e7\u00e3o nas refei\u00e7\u00f5es de quarta, 05\/10"},"content":{"rendered":"<p style=\"text-align: justify;\"><span style=\"font-family: helvetica; font-size: 12pt;\">O Setor de Nutri&ccedil;&atilde;o do RU informa que, na quarta-feira, dia 05\/10, n&atilde;o ser&aacute; servida guarni&ccedil;&atilde;o, devido a defeito no caldeir&atilde;o de preparo da mesma, que ser&aacute; realizado o conserto no s&aacute;bado, 08.<\/span><\/p>\n","protected":false},"excerpt":{"rendered":"<p>O Setor de Nutri&ccedil;&atilde;o do RU informa que, na quarta-feira, dia 05\/10, n&atilde;o ser&aacute; servida guarni&ccedil;&atilde;o, devido a defeito no caldeir&atilde;o de preparo da mesma, que ser&aacute; realizado o conserto no s&aacute;bado, 08.<\/p>\n","protected":false},"author":8,"featured_media":0,"comment_status":"closed","ping_status":"closed","sticky":false,"template":"","format":"standard","meta":{"footnotes":""},"categories":[1],"tags":[],"class_list":["post-109","post","type-post","status-publish","format-standard","hentry","category-noticias"],"acf":[],"_links":{"self":[{"href":"https:\/\/www.ufsm.br\/orgaos-suplementares\/ru\/wp-json\/wp\/v2\/posts\/109","targetHints":{"allow":["GET"]}}],"collection":[{"href":"https:\/\/www.ufsm.br\/orgaos-suplementares\/ru\/wp-json\/wp\/v2\/posts"}],"about":[{"href":"https:\/\/www.ufsm.br\/orgaos-suplementares\/ru\/wp-json\/wp\/v2\/types\/post"}],"author":[{"embeddable":true,"href":"https:\/\/www.ufsm.br\/orgaos-suplementares\/ru\/wp-json\/wp\/v2\/users\/8"}],"replies":[{"embeddable":true,"href":"https:\/\/www.ufsm.br\/orgaos-suplementares\/ru\/wp-json\/wp\/v2\/comments?post=109"}],"version-history":[{"count":0,"href":"https:\/\/www.ufsm.br\/orgaos-suplementares\/ru\/wp-json\/wp\/v2\/posts\/109\/revisions"}],"wp:attachment":[{"href":"https:\/\/www.ufsm.br\/orgaos-suplementares\/ru\/wp-json\/wp\/v2\/media?parent=109"}],"wp:term":[{"taxonomy":"category","embeddable":true,"href":"https:\/\/www.ufsm.br\/orgaos-suplementares\/ru\/wp-json\/wp\/v2\/categories?post=109"},{"taxonomy":"post_tag","embeddable":true,"href":"https:\/\/www.ufsm.br\/orgaos-suplementares\/ru\/wp-json\/wp\/v2\/tags?post=109"}],"curies":[{"name":"wp","href":"https:\/\/api.w.org\/{rel}","templated":true}]}}