{"id":11,"date":"2015-03-02T16:44:37","date_gmt":"2015-03-02T19:44:37","guid":{"rendered":"https:\/\/www.ufsm.br\/orgaos-suplementares\/ru\/2015\/03\/02\/ru-nao-servira-refeicoes-nesta-terca-feira\/"},"modified":"2015-03-02T16:44:37","modified_gmt":"2015-03-02T19:44:37","slug":"ru-nao-servira-refeicoes-nesta-terca-feira","status":"publish","type":"post","link":"https:\/\/www.ufsm.br\/orgaos-suplementares\/ru\/2015\/03\/02\/ru-nao-servira-refeicoes-nesta-terca-feira","title":{"rendered":"RU n\u00e3o servir\u00e1 refei\u00e7\u00f5es nesta ter\u00e7a-feira"},"content":{"rendered":"<p style=\"text-align: justify;\"><span style=\"font-family: helvetica; font-size: 12pt;\">Em virtude da paralisa\u00e7\u00e3o dos TAEs, decis\u00e3o aprovada em assembleia, o RU n\u00e3o servir\u00e1 refei\u00e7\u00f5es nesta ter\u00e7a-feira (3). Por\u00e9m, devido o in\u00edcio do semestre a venda de cr\u00e9ditos estar\u00e1 dispon\u00edvel nos seguintes hor\u00e1rios:<\/span><br \/><span style=\"font-family: helvetica; font-size: 12pt;\"><\/span><\/p>\n<p><span style=\"font-family: helvetica; font-size: 12pt;\">RU CAMPUS \u2013 8h \u00e0s 12h e 13h \u00e0s 16h<\/span><br \/><span style=\"font-family: helvetica; font-size: 12pt;\">RU CAMPUS 2 \u2013 9h30min \u00e0s 13h30min<\/span><br \/><span style=\"font-family: helvetica; font-size: 12pt;\">RU CENTRO \u2013 8h \u00e0s 12h e 13h \u00e0s 16h<\/span><br \/><span style=\"font-family: helvetica; font-size: 12pt;\"><\/span><\/p>\n<p><span style=\"font-family: helvetica; font-size: 12pt;\">O RU volta a atender a comunidade acad\u00eamica normalmente na quarta-feira (4)<\/span><br \/><span style=\"font-family: helvetica; font-size: 12pt;\"><\/span><\/p>\n<p><span style=\"font-family: helvetica; font-size: 12pt;\">Mais informa\u00e7\u00f5es na secretaria do RU ou pelo fone (55) 3220-8405.<\/span><\/p>\n","protected":false},"excerpt":{"rendered":"<p>Em virtude da paralisa\u00e7\u00e3o dos TAEs, decis\u00e3o aprovada em assembleia, o RU n\u00e3o servir\u00e1 refei\u00e7\u00f5es nesta ter\u00e7a-feira (3). Por\u00e9m, devido o in\u00edcio do semestre a venda de cr\u00e9ditos estar\u00e1 dispon\u00edvel nos seguintes hor\u00e1rios: RU CAMPUS \u2013 8h \u00e0s 12h e 13h \u00e0s 16hRU CAMPUS 2 \u2013 9h30min \u00e0s 13h30minRU CENTRO \u2013 8h \u00e0s 12h e [&hellip;]<\/p>\n","protected":false},"author":8,"featured_media":0,"comment_status":"closed","ping_status":"closed","sticky":false,"template":"","format":"standard","meta":{"footnotes":""},"categories":[1],"tags":[],"class_list":["post-11","post","type-post","status-publish","format-standard","hentry","category-noticias"],"acf":[],"_links":{"self":[{"href":"https:\/\/www.ufsm.br\/orgaos-suplementares\/ru\/wp-json\/wp\/v2\/posts\/11","targetHints":{"allow":["GET"]}}],"collection":[{"href":"https:\/\/www.ufsm.br\/orgaos-suplementares\/ru\/wp-json\/wp\/v2\/posts"}],"about":[{"href":"https:\/\/www.ufsm.br\/orgaos-suplementares\/ru\/wp-json\/wp\/v2\/types\/post"}],"author":[{"embeddable":true,"href":"https:\/\/www.ufsm.br\/orgaos-suplementares\/ru\/wp-json\/wp\/v2\/users\/8"}],"replies":[{"embeddable":true,"href":"https:\/\/www.ufsm.br\/orgaos-suplementares\/ru\/wp-json\/wp\/v2\/comments?post=11"}],"version-history":[{"count":0,"href":"https:\/\/www.ufsm.br\/orgaos-suplementares\/ru\/wp-json\/wp\/v2\/posts\/11\/revisions"}],"wp:attachment":[{"href":"https:\/\/www.ufsm.br\/orgaos-suplementares\/ru\/wp-json\/wp\/v2\/media?parent=11"}],"wp:term":[{"taxonomy":"category","embeddable":true,"href":"https:\/\/www.ufsm.br\/orgaos-suplementares\/ru\/wp-json\/wp\/v2\/categories?post=11"},{"taxonomy":"post_tag","embeddable":true,"href":"https:\/\/www.ufsm.br\/orgaos-suplementares\/ru\/wp-json\/wp\/v2\/tags?post=11"}],"curies":[{"name":"wp","href":"https:\/\/api.w.org\/{rel}","templated":true}]}}