{"id":115,"date":"2016-11-25T18:50:46","date_gmt":"2016-11-25T20:50:46","guid":{"rendered":"https:\/\/www.ufsm.br\/orgaos-suplementares\/ru\/2016\/11\/25\/atencao-para-o-proximo-agendamento-de-distribuicao\/"},"modified":"2016-11-25T18:50:46","modified_gmt":"2016-11-25T20:50:46","slug":"atencao-para-o-proximo-agendamento-de-distribuicao","status":"publish","type":"post","link":"https:\/\/www.ufsm.br\/orgaos-suplementares\/ru\/2016\/11\/25\/atencao-para-o-proximo-agendamento-de-distribuicao","title":{"rendered":"Aten\u00e7\u00e3o para o pr\u00f3ximo agendamento de distribui\u00e7\u00e3o"},"content":{"rendered":"<p style=\"text-align: justify;\"><span style=\"font-family: helvetica; font-size: 12pt;\">A Administra&ccedil;&atilde;o do RU infoma sobre os prazos da pr&oacute;xima distribui&ccedil;&atilde;o.<\/span><\/p>\n<p style=\"text-align: justify;\"><span style=\"font-family: helvetica; font-size: 12pt;\">AGENDAMENTO: <strong>At&eacute; ter&ccedil;a-feira, dia 29\/11, &agrave;s 9 horas<\/strong><\/span><\/p>\n<p style=\"text-align: justify;\"><span style=\"font-family: helvetica; font-size: 12pt;\">RETIRADA: <strong>SEXTA-FEIRA, DIA 02, das 15 &agrave;s 16:30 horas.<\/strong><\/span><\/p>\n<p style=\"text-align: justify;\"><span style=\"font-family: helvetica; font-size: 12pt;\">15 refei&ccedil;&otilde;es<\/span><\/p>\n<p style=\"text-align: justify;\"><span style=\"font-family: helvetica; font-size: 12pt;\">Salientamos que n&atilde;o ser&atilde;o aceitos agendamentos fora do prazo. Qualquer d&uacute;vida, comparecer &agrave; secretaria do RU, no hor&aacute;rio das 8 &agrave;s 12 e das 13 &agrave;s 17 horas.<\/span><\/p>\n","protected":false},"excerpt":{"rendered":"<p>A Administra&ccedil;&atilde;o do RU infoma sobre os prazos da pr&oacute;xima distribui&ccedil;&atilde;o. AGENDAMENTO: At&eacute; ter&ccedil;a-feira, dia 29\/11, &agrave;s 9 horas RETIRADA: SEXTA-FEIRA, DIA 02, das 15 &agrave;s 16:30 horas. 15 refei&ccedil;&otilde;es Salientamos que n&atilde;o ser&atilde;o aceitos agendamentos fora do prazo. Qualquer d&uacute;vida, comparecer &agrave; secretaria do RU, no hor&aacute;rio das 8 &agrave;s 12 e das 13 [&hellip;]<\/p>\n","protected":false},"author":8,"featured_media":0,"comment_status":"closed","ping_status":"closed","sticky":false,"template":"","format":"standard","meta":{"footnotes":""},"categories":[1],"tags":[],"class_list":["post-115","post","type-post","status-publish","format-standard","hentry","category-noticias"],"acf":[],"_links":{"self":[{"href":"https:\/\/www.ufsm.br\/orgaos-suplementares\/ru\/wp-json\/wp\/v2\/posts\/115","targetHints":{"allow":["GET"]}}],"collection":[{"href":"https:\/\/www.ufsm.br\/orgaos-suplementares\/ru\/wp-json\/wp\/v2\/posts"}],"about":[{"href":"https:\/\/www.ufsm.br\/orgaos-suplementares\/ru\/wp-json\/wp\/v2\/types\/post"}],"author":[{"embeddable":true,"href":"https:\/\/www.ufsm.br\/orgaos-suplementares\/ru\/wp-json\/wp\/v2\/users\/8"}],"replies":[{"embeddable":true,"href":"https:\/\/www.ufsm.br\/orgaos-suplementares\/ru\/wp-json\/wp\/v2\/comments?post=115"}],"version-history":[{"count":0,"href":"https:\/\/www.ufsm.br\/orgaos-suplementares\/ru\/wp-json\/wp\/v2\/posts\/115\/revisions"}],"wp:attachment":[{"href":"https:\/\/www.ufsm.br\/orgaos-suplementares\/ru\/wp-json\/wp\/v2\/media?parent=115"}],"wp:term":[{"taxonomy":"category","embeddable":true,"href":"https:\/\/www.ufsm.br\/orgaos-suplementares\/ru\/wp-json\/wp\/v2\/categories?post=115"},{"taxonomy":"post_tag","embeddable":true,"href":"https:\/\/www.ufsm.br\/orgaos-suplementares\/ru\/wp-json\/wp\/v2\/tags?post=115"}],"curies":[{"name":"wp","href":"https:\/\/api.w.org\/{rel}","templated":true}]}}