{"id":132,"date":"2017-03-07T14:30:00","date_gmt":"2017-03-07T17:30:00","guid":{"rendered":"https:\/\/www.ufsm.br\/orgaos-suplementares\/ru\/2017\/03\/07\/paralisacao-08-de-marco\/"},"modified":"2017-03-07T14:30:00","modified_gmt":"2017-03-07T17:30:00","slug":"paralisacao-08-de-marco","status":"publish","type":"post","link":"https:\/\/www.ufsm.br\/orgaos-suplementares\/ru\/2017\/03\/07\/paralisacao-08-de-marco","title":{"rendered":"Paralisa\u00e7\u00e3o 08 de mar\u00e7o"},"content":{"rendered":"<p style=\"text-align: justify;\"><span style=\"font-family: helvetica; font-size: 12pt;\">Devido a paralisa&ccedil;&atilde;o da categoria aprovada em assembleia geral da Associa&ccedil;&atilde;o dos Servidores da UFSM, o Restaurante Universit&aacute;rio n&atilde;o servir&aacute; refei&ccedil;&otilde;es nas tr&ecirc;s unidades no, dia 08 de mar&ccedil;o.<\/span><\/p>\n<p style=\"text-align: justify;\"><span style=\"font-family: helvetica; font-size: 12pt;\">O atendimento nos caixas da Unidade Campus I &nbsp;(Pr&eacute;dio da Uni&atilde;o Universit&aacute;ria) e do Centro (Antiga Reitoria) ser&aacute; mantido no hor&aacute;rio das 8 &agrave;s 12 horas.<\/span><\/p>\n","protected":false},"excerpt":{"rendered":"<p>Devido a paralisa&ccedil;&atilde;o da categoria aprovada em assembleia geral da Associa&ccedil;&atilde;o dos Servidores da UFSM, o Restaurante Universit&aacute;rio n&atilde;o servir&aacute; refei&ccedil;&otilde;es nas tr&ecirc;s unidades no, dia 08 de mar&ccedil;o. O atendimento nos caixas da Unidade Campus I &nbsp;(Pr&eacute;dio da Uni&atilde;o Universit&aacute;ria) e do Centro (Antiga Reitoria) ser&aacute; mantido no hor&aacute;rio das 8 &agrave;s 12 horas.<\/p>\n","protected":false},"author":8,"featured_media":0,"comment_status":"closed","ping_status":"closed","sticky":false,"template":"","format":"standard","meta":{"footnotes":""},"categories":[1],"tags":[],"class_list":["post-132","post","type-post","status-publish","format-standard","hentry","category-noticias"],"acf":[],"_links":{"self":[{"href":"https:\/\/www.ufsm.br\/orgaos-suplementares\/ru\/wp-json\/wp\/v2\/posts\/132","targetHints":{"allow":["GET"]}}],"collection":[{"href":"https:\/\/www.ufsm.br\/orgaos-suplementares\/ru\/wp-json\/wp\/v2\/posts"}],"about":[{"href":"https:\/\/www.ufsm.br\/orgaos-suplementares\/ru\/wp-json\/wp\/v2\/types\/post"}],"author":[{"embeddable":true,"href":"https:\/\/www.ufsm.br\/orgaos-suplementares\/ru\/wp-json\/wp\/v2\/users\/8"}],"replies":[{"embeddable":true,"href":"https:\/\/www.ufsm.br\/orgaos-suplementares\/ru\/wp-json\/wp\/v2\/comments?post=132"}],"version-history":[{"count":0,"href":"https:\/\/www.ufsm.br\/orgaos-suplementares\/ru\/wp-json\/wp\/v2\/posts\/132\/revisions"}],"wp:attachment":[{"href":"https:\/\/www.ufsm.br\/orgaos-suplementares\/ru\/wp-json\/wp\/v2\/media?parent=132"}],"wp:term":[{"taxonomy":"category","embeddable":true,"href":"https:\/\/www.ufsm.br\/orgaos-suplementares\/ru\/wp-json\/wp\/v2\/categories?post=132"},{"taxonomy":"post_tag","embeddable":true,"href":"https:\/\/www.ufsm.br\/orgaos-suplementares\/ru\/wp-json\/wp\/v2\/tags?post=132"}],"curies":[{"name":"wp","href":"https:\/\/api.w.org\/{rel}","templated":true}]}}