{"id":138,"date":"2017-03-30T17:42:36","date_gmt":"2017-03-30T20:42:36","guid":{"rendered":"https:\/\/www.ufsm.br\/orgaos-suplementares\/ru\/2017\/03\/30\/paralisacao-31-de-marco\/"},"modified":"2017-03-30T17:42:36","modified_gmt":"2017-03-30T20:42:36","slug":"paralisacao-31-de-marco","status":"publish","type":"post","link":"https:\/\/www.ufsm.br\/orgaos-suplementares\/ru\/2017\/03\/30\/paralisacao-31-de-marco","title":{"rendered":"Paralisa\u00e7\u00e3o 31 de mar\u00e7o"},"content":{"rendered":"<p style=\"text-align: justify;\"><span style=\"font-family: helvetica; font-size: 12pt;\">Em virtude da paralisa&ccedil;&atilde;o dos servidores, votada em assembleia geral da categoria, o RU Campus I , do pr&eacute;dio da Uni&atilde;o Universit&aacute;ria, n&atilde;o servir&aacute; refei&ccedil;&otilde;es.<\/span><\/p>\n<p style=\"text-align: justify;\"><span style=\"font-family: helvetica; font-size: 12pt;\">O Refeit&oacute;rio II servir&aacute; almo&ccedil;o para usu&aacute;rios com BSE, mediante agendamento.<\/span><\/p>\n<p style=\"text-align: justify;\">&nbsp;<\/p>\n<p>&nbsp;<\/p>\n<p>&nbsp;<\/p>\n<p>&nbsp;<\/p>\n<p style=\"text-align: center; line-height: 150%;\"><span style=\"font-size: 8pt;\"><strong><span style=\"font-size: 40pt; line-height: 150%; font-family: 'Copperplate Gothic Bold';\"><\/span><\/strong><\/span><\/p>\n","protected":false},"excerpt":{"rendered":"<p>Em virtude da paralisa&ccedil;&atilde;o dos servidores, votada em assembleia geral da categoria, o RU Campus I , do pr&eacute;dio da Uni&atilde;o Universit&aacute;ria, n&atilde;o servir&aacute; refei&ccedil;&otilde;es. O Refeit&oacute;rio II servir&aacute; almo&ccedil;o para usu&aacute;rios com BSE, mediante agendamento. &nbsp; &nbsp; &nbsp; &nbsp;<\/p>\n","protected":false},"author":8,"featured_media":0,"comment_status":"closed","ping_status":"closed","sticky":false,"template":"","format":"standard","meta":{"footnotes":""},"categories":[1],"tags":[],"class_list":["post-138","post","type-post","status-publish","format-standard","hentry","category-noticias"],"acf":[],"_links":{"self":[{"href":"https:\/\/www.ufsm.br\/orgaos-suplementares\/ru\/wp-json\/wp\/v2\/posts\/138","targetHints":{"allow":["GET"]}}],"collection":[{"href":"https:\/\/www.ufsm.br\/orgaos-suplementares\/ru\/wp-json\/wp\/v2\/posts"}],"about":[{"href":"https:\/\/www.ufsm.br\/orgaos-suplementares\/ru\/wp-json\/wp\/v2\/types\/post"}],"author":[{"embeddable":true,"href":"https:\/\/www.ufsm.br\/orgaos-suplementares\/ru\/wp-json\/wp\/v2\/users\/8"}],"replies":[{"embeddable":true,"href":"https:\/\/www.ufsm.br\/orgaos-suplementares\/ru\/wp-json\/wp\/v2\/comments?post=138"}],"version-history":[{"count":0,"href":"https:\/\/www.ufsm.br\/orgaos-suplementares\/ru\/wp-json\/wp\/v2\/posts\/138\/revisions"}],"wp:attachment":[{"href":"https:\/\/www.ufsm.br\/orgaos-suplementares\/ru\/wp-json\/wp\/v2\/media?parent=138"}],"wp:term":[{"taxonomy":"category","embeddable":true,"href":"https:\/\/www.ufsm.br\/orgaos-suplementares\/ru\/wp-json\/wp\/v2\/categories?post=138"},{"taxonomy":"post_tag","embeddable":true,"href":"https:\/\/www.ufsm.br\/orgaos-suplementares\/ru\/wp-json\/wp\/v2\/tags?post=138"}],"curies":[{"name":"wp","href":"https:\/\/api.w.org\/{rel}","templated":true}]}}