{"id":143,"date":"2017-05-11T14:10:06","date_gmt":"2017-05-11T17:10:06","guid":{"rendered":"https:\/\/www.ufsm.br\/orgaos-suplementares\/ru\/2017\/05\/11\/interrupcao-de-energia-eletrica-neste-sabado-13-05\/"},"modified":"2017-05-11T14:10:06","modified_gmt":"2017-05-11T17:10:06","slug":"interrupcao-de-energia-eletrica-neste-sabado-13-05","status":"publish","type":"post","link":"https:\/\/www.ufsm.br\/orgaos-suplementares\/ru\/2017\/05\/11\/interrupcao-de-energia-eletrica-neste-sabado-13-05","title":{"rendered":"Interrup\u00e7\u00e3o de energia el\u00e9trica neste s\u00e1bado (13\/05)"},"content":{"rendered":"<p style=\"text-align: justify;\"><span style=\"font-family: helvetica; font-size: 12pt;\">Tendo em vista o desligamento da energia el&eacute;trica, neste s&aacute;bado (13), o RU n&atilde;o servir&aacute; refei&ccedil;&otilde;es em nenhuma das unidades, e a distribui&ccedil;&atilde;o de g&ecirc;neros aliment&iacute;cios ser&aacute; antecipada para sexta-feira (12), nos hor&aacute;rios normais das Unidades:<\/span><\/p>\n<p style=\"text-align: justify;\"><strong><span style=\"font-family: helvetica; font-size: 12pt;\">RU CAMPUS: 16 &agrave;s 17 horas<\/span><\/strong><\/p>\n<p style=\"text-align: justify;\"><strong><span style=\"font-family: helvetica; font-size: 12pt;\">RU CENTRO: 16:30 &agrave;s 17:30<\/span><\/strong><\/p>\n<p style=\"text-align: justify;\"><span style=\"font-family: helvetica; font-size: 12pt;\">Para atender os dias 13 e 14\/05: 06 (seis) refei&ccedil;&otilde;es.<\/span><\/p>\n<p style=\"text-align: justify;\"><span style=\"font-family: helvetica; font-size: 12pt; color: #ff0000;\">Os agendamentos realizados para o s&aacute;bado (13) ser&atilde;o revalidados para sexta-feira (12).<\/span><\/p>\n<p style=\"text-align: justify;\"><span style=\"font-family: helvetica; font-size: 12pt;\"><a href=\"http:\/\/site.ufsm.br\/noticias\/exibir\/ru-e-casa-do-estudante-terao-desligamento-de-energ\">http:\/\/site.ufsm.br\/noticias\/exibir\/ru-e-casa-do-estudante-terao-desligamento-de-energ<\/a><\/span><\/p>\n<p style=\"text-align: justify;\"><span style=\"font-family: helvetica; font-size: 12pt;\">Mais informa&ccedil;&otilde;es na secretaria ou pelo fone (55) 3220-8405.<\/span><\/p>\n","protected":false},"excerpt":{"rendered":"<p>Tendo em vista o desligamento da energia el&eacute;trica, neste s&aacute;bado (13), o RU n&atilde;o servir&aacute; refei&ccedil;&otilde;es em nenhuma das unidades, e a distribui&ccedil;&atilde;o de g&ecirc;neros aliment&iacute;cios ser&aacute; antecipada para sexta-feira (12), nos hor&aacute;rios normais das Unidades: RU CAMPUS: 16 &agrave;s 17 horas RU CENTRO: 16:30 &agrave;s 17:30 Para atender os dias 13 e 14\/05: 06 [&hellip;]<\/p>\n","protected":false},"author":8,"featured_media":0,"comment_status":"closed","ping_status":"closed","sticky":false,"template":"","format":"standard","meta":{"footnotes":""},"categories":[1],"tags":[],"class_list":["post-143","post","type-post","status-publish","format-standard","hentry","category-noticias"],"acf":[],"_links":{"self":[{"href":"https:\/\/www.ufsm.br\/orgaos-suplementares\/ru\/wp-json\/wp\/v2\/posts\/143","targetHints":{"allow":["GET"]}}],"collection":[{"href":"https:\/\/www.ufsm.br\/orgaos-suplementares\/ru\/wp-json\/wp\/v2\/posts"}],"about":[{"href":"https:\/\/www.ufsm.br\/orgaos-suplementares\/ru\/wp-json\/wp\/v2\/types\/post"}],"author":[{"embeddable":true,"href":"https:\/\/www.ufsm.br\/orgaos-suplementares\/ru\/wp-json\/wp\/v2\/users\/8"}],"replies":[{"embeddable":true,"href":"https:\/\/www.ufsm.br\/orgaos-suplementares\/ru\/wp-json\/wp\/v2\/comments?post=143"}],"version-history":[{"count":0,"href":"https:\/\/www.ufsm.br\/orgaos-suplementares\/ru\/wp-json\/wp\/v2\/posts\/143\/revisions"}],"wp:attachment":[{"href":"https:\/\/www.ufsm.br\/orgaos-suplementares\/ru\/wp-json\/wp\/v2\/media?parent=143"}],"wp:term":[{"taxonomy":"category","embeddable":true,"href":"https:\/\/www.ufsm.br\/orgaos-suplementares\/ru\/wp-json\/wp\/v2\/categories?post=143"},{"taxonomy":"post_tag","embeddable":true,"href":"https:\/\/www.ufsm.br\/orgaos-suplementares\/ru\/wp-json\/wp\/v2\/tags?post=143"}],"curies":[{"name":"wp","href":"https:\/\/api.w.org\/{rel}","templated":true}]}}