{"id":156,"date":"2017-08-31T12:01:56","date_gmt":"2017-08-31T15:01:56","guid":{"rendered":"https:\/\/www.ufsm.br\/orgaos-suplementares\/ru\/2017\/08\/31\/pesquisa-de-satisfacao-dos-usuarios\/"},"modified":"2017-08-31T12:01:56","modified_gmt":"2017-08-31T15:01:56","slug":"pesquisa-de-satisfacao-dos-usuarios","status":"publish","type":"post","link":"https:\/\/www.ufsm.br\/orgaos-suplementares\/ru\/2017\/08\/31\/pesquisa-de-satisfacao-dos-usuarios","title":{"rendered":"Pesquisa de satisfa\u00e7\u00e3o dos usu\u00e1rios"},"content":{"rendered":"<p style=\"text-align: justify;\"><span style=\"font-family: helvetica; font-size: 12pt;\">O <span style=\"font-family: helvetica; font-size: 16px; text-align: justify;\">Setor de Nutri&ccedil;&atilde;o do RU e acad&ecirc;mica de nutri&ccedil;&atilde;o do Centro Universit&aacute;rio Franciscano<\/span>&nbsp;est&atilde;o realizando uma Pesquisa de Satisfa&ccedil;&atilde;o dos Usu&aacute;rios&nbsp;com a finalidade de avaliar os servi&ccedil;os oferecidos (almo&ccedil;o e jantar).&nbsp;<\/span><span style=\"font-family: helvetica; font-size: 12pt;\">A pesquisa ficar&aacute; dispon&iacute;vel at&eacute; &agrave;s 15h do dia 15 de setembro de 2017.<\/span><\/p>\n<p style=\"text-align: justify;\"><span style=\"font-family: helvetica; font-size: 12pt;\">Para responder a pesquisa&nbsp;Clique aqui <span style=\"color: #ff0000;\">(ENCERRADA)<\/span><\/span><\/p>\n<p style=\"text-align: justify;\"><span style=\"font-family: helvetica; font-size: 12pt;\">Desde j&aacute; agradecemos sua colabora&ccedil;&atilde;o.<\/span><\/p>\n<p style=\"text-align: justify;\"><span style=\"font-family: helvetica; font-size: 12pt;\"><\/span><\/p>\n","protected":false},"excerpt":{"rendered":"<p>O Setor de Nutri&ccedil;&atilde;o do RU e acad&ecirc;mica de nutri&ccedil;&atilde;o do Centro Universit&aacute;rio Franciscano&nbsp;est&atilde;o realizando uma Pesquisa de Satisfa&ccedil;&atilde;o dos Usu&aacute;rios&nbsp;com a finalidade de avaliar os servi&ccedil;os oferecidos (almo&ccedil;o e jantar).&nbsp;A pesquisa ficar&aacute; dispon&iacute;vel at&eacute; &agrave;s 15h do dia 15 de setembro de 2017. Para responder a pesquisa&nbsp;Clique aqui (ENCERRADA) Desde j&aacute; agradecemos sua colabora&ccedil;&atilde;o.<\/p>\n","protected":false},"author":8,"featured_media":0,"comment_status":"closed","ping_status":"closed","sticky":false,"template":"","format":"standard","meta":{"footnotes":""},"categories":[1],"tags":[],"class_list":["post-156","post","type-post","status-publish","format-standard","hentry","category-noticias"],"acf":[],"_links":{"self":[{"href":"https:\/\/www.ufsm.br\/orgaos-suplementares\/ru\/wp-json\/wp\/v2\/posts\/156","targetHints":{"allow":["GET"]}}],"collection":[{"href":"https:\/\/www.ufsm.br\/orgaos-suplementares\/ru\/wp-json\/wp\/v2\/posts"}],"about":[{"href":"https:\/\/www.ufsm.br\/orgaos-suplementares\/ru\/wp-json\/wp\/v2\/types\/post"}],"author":[{"embeddable":true,"href":"https:\/\/www.ufsm.br\/orgaos-suplementares\/ru\/wp-json\/wp\/v2\/users\/8"}],"replies":[{"embeddable":true,"href":"https:\/\/www.ufsm.br\/orgaos-suplementares\/ru\/wp-json\/wp\/v2\/comments?post=156"}],"version-history":[{"count":0,"href":"https:\/\/www.ufsm.br\/orgaos-suplementares\/ru\/wp-json\/wp\/v2\/posts\/156\/revisions"}],"wp:attachment":[{"href":"https:\/\/www.ufsm.br\/orgaos-suplementares\/ru\/wp-json\/wp\/v2\/media?parent=156"}],"wp:term":[{"taxonomy":"category","embeddable":true,"href":"https:\/\/www.ufsm.br\/orgaos-suplementares\/ru\/wp-json\/wp\/v2\/categories?post=156"},{"taxonomy":"post_tag","embeddable":true,"href":"https:\/\/www.ufsm.br\/orgaos-suplementares\/ru\/wp-json\/wp\/v2\/tags?post=156"}],"curies":[{"name":"wp","href":"https:\/\/api.w.org\/{rel}","templated":true}]}}