{"id":161,"date":"2017-09-26T12:44:52","date_gmt":"2017-09-26T15:44:52","guid":{"rendered":"https:\/\/www.ufsm.br\/orgaos-suplementares\/ru\/2017\/09\/26\/alteracao-no-prazo-do-agendamento-da-distribuicao\/"},"modified":"2017-09-26T12:44:52","modified_gmt":"2017-09-26T15:44:52","slug":"alteracao-no-prazo-do-agendamento-da-distribuicao","status":"publish","type":"post","link":"https:\/\/www.ufsm.br\/orgaos-suplementares\/ru\/2017\/09\/26\/alteracao-no-prazo-do-agendamento-da-distribuicao","title":{"rendered":"Altera\u00e7\u00e3o no prazo do agendamento da distribui\u00e7\u00e3o"},"content":{"rendered":"<p style=\"text-align: justify;\"><span style=\"font-family: helvetica; font-size: 12pt;\">Em virtude da Paralisa&ccedil;&atilde;o Geral nos dias 28 e 29 de setembro, aprovada em Assembleia Geral da Categoria, o prazo do agendamento para a distribui&ccedil;&atilde;o de s&aacute;bado, dia 30\/09, foi antecipado para at&eacute; &agrave;s 9 horas de quarta-feira (27).<\/span><\/p>\n<p style=\"text-align: justify;\"><span style=\"font-family: helvetica; font-size: 12pt;\">A retirada ocorre normalmente no s&aacute;bado, nos hor&aacute;rios das unidades:<\/span><\/p>\n<p style=\"text-align: justify;\"><span style=\"font-family: helvetica; font-size: 12pt;\">RU Campus: 16 &agrave;s 17h<\/span><\/p>\n<p style=\"text-align: justify;\"><span style=\"font-family: helvetica; font-size: 12pt;\">RU Centro: 16h30 &agrave;s 17h30<\/span><\/p>\n<p style=\"text-align: justify;\"><span style=\"font-family: helvetica; font-size: 12pt;\">Qualquer problema nos agendamentos dever&aacute; ser resolvido na secretaria do RU, dentro do prazo.<\/span><\/p>\n<p style=\"text-align: justify;\">&nbsp;<\/p>\n","protected":false},"excerpt":{"rendered":"<p>Em virtude da Paralisa&ccedil;&atilde;o Geral nos dias 28 e 29 de setembro, aprovada em Assembleia Geral da Categoria, o prazo do agendamento para a distribui&ccedil;&atilde;o de s&aacute;bado, dia 30\/09, foi antecipado para at&eacute; &agrave;s 9 horas de quarta-feira (27). A retirada ocorre normalmente no s&aacute;bado, nos hor&aacute;rios das unidades: RU Campus: 16 &agrave;s 17h RU [&hellip;]<\/p>\n","protected":false},"author":8,"featured_media":0,"comment_status":"closed","ping_status":"closed","sticky":false,"template":"","format":"standard","meta":{"footnotes":""},"categories":[1],"tags":[],"class_list":["post-161","post","type-post","status-publish","format-standard","hentry","category-noticias"],"acf":[],"_links":{"self":[{"href":"https:\/\/www.ufsm.br\/orgaos-suplementares\/ru\/wp-json\/wp\/v2\/posts\/161","targetHints":{"allow":["GET"]}}],"collection":[{"href":"https:\/\/www.ufsm.br\/orgaos-suplementares\/ru\/wp-json\/wp\/v2\/posts"}],"about":[{"href":"https:\/\/www.ufsm.br\/orgaos-suplementares\/ru\/wp-json\/wp\/v2\/types\/post"}],"author":[{"embeddable":true,"href":"https:\/\/www.ufsm.br\/orgaos-suplementares\/ru\/wp-json\/wp\/v2\/users\/8"}],"replies":[{"embeddable":true,"href":"https:\/\/www.ufsm.br\/orgaos-suplementares\/ru\/wp-json\/wp\/v2\/comments?post=161"}],"version-history":[{"count":0,"href":"https:\/\/www.ufsm.br\/orgaos-suplementares\/ru\/wp-json\/wp\/v2\/posts\/161\/revisions"}],"wp:attachment":[{"href":"https:\/\/www.ufsm.br\/orgaos-suplementares\/ru\/wp-json\/wp\/v2\/media?parent=161"}],"wp:term":[{"taxonomy":"category","embeddable":true,"href":"https:\/\/www.ufsm.br\/orgaos-suplementares\/ru\/wp-json\/wp\/v2\/categories?post=161"},{"taxonomy":"post_tag","embeddable":true,"href":"https:\/\/www.ufsm.br\/orgaos-suplementares\/ru\/wp-json\/wp\/v2\/tags?post=161"}],"curies":[{"name":"wp","href":"https:\/\/api.w.org\/{rel}","templated":true}]}}