{"id":166,"date":"2017-10-19T10:58:34","date_gmt":"2017-10-19T12:58:34","guid":{"rendered":"https:\/\/www.ufsm.br\/orgaos-suplementares\/ru\/2017\/10\/19\/ru-centro-nao-servira-almoco\/"},"modified":"2017-10-19T10:58:34","modified_gmt":"2017-10-19T12:58:34","slug":"ru-centro-nao-servira-almoco","status":"publish","type":"post","link":"https:\/\/www.ufsm.br\/orgaos-suplementares\/ru\/2017\/10\/19\/ru-centro-nao-servira-almoco","title":{"rendered":"RU Centro n\u00e3o servir\u00e1 almo\u00e7o"},"content":{"rendered":"<p style=\"text-align: justify;\"><span style=\"font-family: helvetica; font-size: 12pt;\">A Dire&ccedil;&atilde;o do RU informa que n&atilde;o ser&aacute; servido almo&ccedil;o no RU Centro, devido &agrave;s avarias ocorridas em decorr&ecirc;ncia da ventania dessa madrugada. N&acirc;o h&aacute; &aacute;gua nem energia el&eacute;trica nas depend&ecirc;ncias do refeit&oacute;rio do Centro. O servi&ccedil;o do jantar ficar&aacute; dependendo do restabelecimento das condi&ccedil;&otilde;es necess&aacute;rias para tal. As equipes da RGE SUL e Corsan j&aacute; est&atilde;o trabalhando no local.<\/span><\/p>\n","protected":false},"excerpt":{"rendered":"<p>A Dire&ccedil;&atilde;o do RU informa que n&atilde;o ser&aacute; servido almo&ccedil;o no RU Centro, devido &agrave;s avarias ocorridas em decorr&ecirc;ncia da ventania dessa madrugada. N&acirc;o h&aacute; &aacute;gua nem energia el&eacute;trica nas depend&ecirc;ncias do refeit&oacute;rio do Centro. O servi&ccedil;o do jantar ficar&aacute; dependendo do restabelecimento das condi&ccedil;&otilde;es necess&aacute;rias para tal. As equipes da RGE SUL e Corsan [&hellip;]<\/p>\n","protected":false},"author":8,"featured_media":0,"comment_status":"closed","ping_status":"closed","sticky":false,"template":"","format":"standard","meta":{"footnotes":""},"categories":[1],"tags":[],"class_list":["post-166","post","type-post","status-publish","format-standard","hentry","category-noticias"],"acf":[],"_links":{"self":[{"href":"https:\/\/www.ufsm.br\/orgaos-suplementares\/ru\/wp-json\/wp\/v2\/posts\/166","targetHints":{"allow":["GET"]}}],"collection":[{"href":"https:\/\/www.ufsm.br\/orgaos-suplementares\/ru\/wp-json\/wp\/v2\/posts"}],"about":[{"href":"https:\/\/www.ufsm.br\/orgaos-suplementares\/ru\/wp-json\/wp\/v2\/types\/post"}],"author":[{"embeddable":true,"href":"https:\/\/www.ufsm.br\/orgaos-suplementares\/ru\/wp-json\/wp\/v2\/users\/8"}],"replies":[{"embeddable":true,"href":"https:\/\/www.ufsm.br\/orgaos-suplementares\/ru\/wp-json\/wp\/v2\/comments?post=166"}],"version-history":[{"count":0,"href":"https:\/\/www.ufsm.br\/orgaos-suplementares\/ru\/wp-json\/wp\/v2\/posts\/166\/revisions"}],"wp:attachment":[{"href":"https:\/\/www.ufsm.br\/orgaos-suplementares\/ru\/wp-json\/wp\/v2\/media?parent=166"}],"wp:term":[{"taxonomy":"category","embeddable":true,"href":"https:\/\/www.ufsm.br\/orgaos-suplementares\/ru\/wp-json\/wp\/v2\/categories?post=166"},{"taxonomy":"post_tag","embeddable":true,"href":"https:\/\/www.ufsm.br\/orgaos-suplementares\/ru\/wp-json\/wp\/v2\/tags?post=166"}],"curies":[{"name":"wp","href":"https:\/\/api.w.org\/{rel}","templated":true}]}}