{"id":178,"date":"2018-01-02T16:09:30","date_gmt":"2018-01-02T18:09:30","guid":{"rendered":"https:\/\/www.ufsm.br\/orgaos-suplementares\/ru\/2018\/01\/02\/termina-amanha-as-9-horas-o-prazo-de-agendamento-da-1-distribuicao-de-ferias\/"},"modified":"2018-01-02T16:09:30","modified_gmt":"2018-01-02T18:09:30","slug":"termina-amanha-as-9-horas-o-prazo-de-agendamento-da-1-distribuicao-de-ferias","status":"publish","type":"post","link":"https:\/\/www.ufsm.br\/orgaos-suplementares\/ru\/2018\/01\/02\/termina-amanha-as-9-horas-o-prazo-de-agendamento-da-1-distribuicao-de-ferias","title":{"rendered":"Termina amanh\u00e3 \u00e0s 9 horas o prazo de agendamento da 1\u00aa distribui\u00e7\u00e3o de f\u00e9rias"},"content":{"rendered":"<p style=\"text-align: justify;\"><span style=\"font-family: helvetica; font-size: 12pt;\">O RU informa que, o prazo para agendamento da 1&ordf; distribui&ccedil;&atilde;o de g&ecirc;neros aliment&iacute;cios de f&eacute;rias termina nesta quarta-feira (3), &agrave;s 9 horas. A distribui&ccedil;&atilde;o ser&aacute; na sexta-feira (5), das 16h &agrave;s 17h, na unidade principal do RU (localizada no campus de Santa Maria) e das 16h30min &agrave;s 17h30min na unidade do centro da cidade (na antiga reitoria).<\/span><\/p>\n<p style=\"text-align: justify;\"><span style=\"font-family: helvetica; font-size: 12pt;\">A Administra&ccedil;&atilde;o do RU salienta aos usu&aacute;rios, moradores das CEUs, que retiram distribui&ccedil;&atilde;o, verificar no Portal do RU (<strong>Situa&ccedil;&atilde;o &gt; Informa&ccedil;&otilde;es Gerais &gt; Autoriza&ccedil;&otilde;es pessoais<\/strong>) a data de validade da autoriza&ccedil;&atilde;o de distribui&ccedil;&atilde;o.&nbsp;Muitas autoriza&ccedil;&otilde;es t&ecirc;m data final em 31\/12\/2017 e devem ser renovadas para que se possa agendar as distribui&ccedil;&otilde;es nas f&eacute;rias.<\/span><\/p>\n<p style=\"text-align: justify;\"><span style=\"font-family: helvetica; font-size: 12pt;\">O RU salienta que aqueles alunos com problema no agendamento devem entrar em contato com a secretaria administrativa. <span style=\"color: #ff0000;\">N&atilde;o ser&atilde;o aceitos agendamentos fora do prazo.<\/span><\/span><\/p>\n<p style=\"text-align: justify;\"><span style=\"font-family: helvetica; font-size: 12pt;\">Para acessar o sistema de agendamento das refei&ccedil;&otilde;es <a href=\"https:\/\/portal.ufsm.br\/ru\/usuario\/agendamento.html\">Clique aqui<\/a><\/span><\/p>\n<p style=\"text-align: justify;\"><span style=\"font-family: helvetica; font-size: 12pt;\">Mais informa&ccedil;&otilde;es na secretaria do RU ou pelo telefone (55) 3220-8405.<\/span><\/p>\n","protected":false},"excerpt":{"rendered":"<p>O RU informa que, o prazo para agendamento da 1&ordf; distribui&ccedil;&atilde;o de g&ecirc;neros aliment&iacute;cios de f&eacute;rias termina nesta quarta-feira (3), &agrave;s 9 horas. A distribui&ccedil;&atilde;o ser&aacute; na sexta-feira (5), das 16h &agrave;s 17h, na unidade principal do RU (localizada no campus de Santa Maria) e das 16h30min &agrave;s 17h30min na unidade do centro da cidade [&hellip;]<\/p>\n","protected":false},"author":8,"featured_media":0,"comment_status":"closed","ping_status":"closed","sticky":false,"template":"","format":"standard","meta":{"footnotes":""},"categories":[1],"tags":[],"class_list":["post-178","post","type-post","status-publish","format-standard","hentry","category-noticias"],"acf":[],"_links":{"self":[{"href":"https:\/\/www.ufsm.br\/orgaos-suplementares\/ru\/wp-json\/wp\/v2\/posts\/178","targetHints":{"allow":["GET"]}}],"collection":[{"href":"https:\/\/www.ufsm.br\/orgaos-suplementares\/ru\/wp-json\/wp\/v2\/posts"}],"about":[{"href":"https:\/\/www.ufsm.br\/orgaos-suplementares\/ru\/wp-json\/wp\/v2\/types\/post"}],"author":[{"embeddable":true,"href":"https:\/\/www.ufsm.br\/orgaos-suplementares\/ru\/wp-json\/wp\/v2\/users\/8"}],"replies":[{"embeddable":true,"href":"https:\/\/www.ufsm.br\/orgaos-suplementares\/ru\/wp-json\/wp\/v2\/comments?post=178"}],"version-history":[{"count":0,"href":"https:\/\/www.ufsm.br\/orgaos-suplementares\/ru\/wp-json\/wp\/v2\/posts\/178\/revisions"}],"wp:attachment":[{"href":"https:\/\/www.ufsm.br\/orgaos-suplementares\/ru\/wp-json\/wp\/v2\/media?parent=178"}],"wp:term":[{"taxonomy":"category","embeddable":true,"href":"https:\/\/www.ufsm.br\/orgaos-suplementares\/ru\/wp-json\/wp\/v2\/categories?post=178"},{"taxonomy":"post_tag","embeddable":true,"href":"https:\/\/www.ufsm.br\/orgaos-suplementares\/ru\/wp-json\/wp\/v2\/tags?post=178"}],"curies":[{"name":"wp","href":"https:\/\/api.w.org\/{rel}","templated":true}]}}