{"id":182,"date":"2018-01-31T13:44:17","date_gmt":"2018-01-31T15:44:17","guid":{"rendered":"https:\/\/www.ufsm.br\/orgaos-suplementares\/ru\/2018\/01\/31\/alteracao-de-refeitorio\/"},"modified":"2018-01-31T13:44:17","modified_gmt":"2018-01-31T15:44:17","slug":"alteracao-de-refeitorio","status":"publish","type":"post","link":"https:\/\/www.ufsm.br\/orgaos-suplementares\/ru\/2018\/01\/31\/alteracao-de-refeitorio","title":{"rendered":"Altera\u00e7\u00e3o de refeit\u00f3rio"},"content":{"rendered":"<p style=\"text-align: justify;\"><span style=\"font-family: helvetica; font-size: 12pt;\">A Administra&ccedil;&atilde;o do RU informa que, a partir da pr&oacute;xima segunda-feira, 05 de fevereiro, as refei&ccedil;&otilde;es ser&atilde;o servidas no Refeit&oacute;rio II. Portanto, solicitamos que os usu&aacute;rios estejam atentos &agrave; realiza&ccedil;&atilde;o dos agendamentos.<\/span><\/p>\n<p style=\"text-align: justify;\"><span style=\"font-family: helvetica; font-size: 12pt;\">As distribui&ccedil;&otilde;es de g&ecirc;neros para os finais de semana permanecer&atilde;o no RU Campus I, no Pr&eacute;dio da Uni&atilde;o Universit&aacute;ria, com mesmas data e hor&aacute;rio. Sextas-feiras, das 16 &agrave;s 17h.<\/span><\/p>\n<p style=\"text-align: justify;\"><span style=\"font-family: helvetica; font-size: 12pt;\">O RU Centro n&atilde;o sofrer&aacute; altera&ccedil;&otilde;es.<\/span><\/p>\n","protected":false},"excerpt":{"rendered":"<p>A Administra&ccedil;&atilde;o do RU informa que, a partir da pr&oacute;xima segunda-feira, 05 de fevereiro, as refei&ccedil;&otilde;es ser&atilde;o servidas no Refeit&oacute;rio II. Portanto, solicitamos que os usu&aacute;rios estejam atentos &agrave; realiza&ccedil;&atilde;o dos agendamentos. As distribui&ccedil;&otilde;es de g&ecirc;neros para os finais de semana permanecer&atilde;o no RU Campus I, no Pr&eacute;dio da Uni&atilde;o Universit&aacute;ria, com mesmas data e [&hellip;]<\/p>\n","protected":false},"author":8,"featured_media":0,"comment_status":"closed","ping_status":"closed","sticky":false,"template":"","format":"standard","meta":{"footnotes":""},"categories":[1],"tags":[],"class_list":["post-182","post","type-post","status-publish","format-standard","hentry","category-noticias"],"acf":[],"_links":{"self":[{"href":"https:\/\/www.ufsm.br\/orgaos-suplementares\/ru\/wp-json\/wp\/v2\/posts\/182","targetHints":{"allow":["GET"]}}],"collection":[{"href":"https:\/\/www.ufsm.br\/orgaos-suplementares\/ru\/wp-json\/wp\/v2\/posts"}],"about":[{"href":"https:\/\/www.ufsm.br\/orgaos-suplementares\/ru\/wp-json\/wp\/v2\/types\/post"}],"author":[{"embeddable":true,"href":"https:\/\/www.ufsm.br\/orgaos-suplementares\/ru\/wp-json\/wp\/v2\/users\/8"}],"replies":[{"embeddable":true,"href":"https:\/\/www.ufsm.br\/orgaos-suplementares\/ru\/wp-json\/wp\/v2\/comments?post=182"}],"version-history":[{"count":0,"href":"https:\/\/www.ufsm.br\/orgaos-suplementares\/ru\/wp-json\/wp\/v2\/posts\/182\/revisions"}],"wp:attachment":[{"href":"https:\/\/www.ufsm.br\/orgaos-suplementares\/ru\/wp-json\/wp\/v2\/media?parent=182"}],"wp:term":[{"taxonomy":"category","embeddable":true,"href":"https:\/\/www.ufsm.br\/orgaos-suplementares\/ru\/wp-json\/wp\/v2\/categories?post=182"},{"taxonomy":"post_tag","embeddable":true,"href":"https:\/\/www.ufsm.br\/orgaos-suplementares\/ru\/wp-json\/wp\/v2\/tags?post=182"}],"curies":[{"name":"wp","href":"https:\/\/api.w.org\/{rel}","templated":true}]}}