{"id":184,"date":"2018-02-05T14:31:13","date_gmt":"2018-02-05T16:31:13","guid":{"rendered":"https:\/\/www.ufsm.br\/orgaos-suplementares\/ru\/2018\/02\/05\/mudanca-no-horario-da-distribuicao\/"},"modified":"2018-02-05T14:31:13","modified_gmt":"2018-02-05T16:31:13","slug":"mudanca-no-horario-da-distribuicao","status":"publish","type":"post","link":"https:\/\/www.ufsm.br\/orgaos-suplementares\/ru\/2018\/02\/05\/mudanca-no-horario-da-distribuicao","title":{"rendered":"Mudan\u00e7a no hor\u00e1rio da distribui\u00e7\u00e3o"},"content":{"rendered":"<p style=\"text-align: justify;\"><span style=\"font-family: helvetica; font-size: 12pt;\">A Administra&ccedil;&atilde;o do RU informa que, a partir desta sexta-feira, dia 09 de fevereiro, devido &agrave; escala de f&eacute;rias de seus colaboradores, a distribui&ccedil;&atilde;o ser&aacute; antecipada para o hor&aacute;rio das 13h30 &agrave;s 14h30.<\/span><\/p>\n<p style=\"text-align: justify;\"><span style=\"font-family: helvetica; font-size: 12pt;\">O prazo de agendamento permanece inalterado.<\/span><\/p>\n<p style=\"text-align: justify;\"><span style=\"font-family: helvetica; font-size: 12pt;\">Salientamos que nesta sexta -feira, a distribui&ccedil;&atilde;o ser&aacute; relativa a 05(cinco) dias, 15 refei&ccedil;&otilde;es. Na quarta-feira, dia 14\/02, n&atilde;o ser&atilde;o servidas refei&ccedil;&otilde;es.<\/span><\/p>\n<p style=\"text-align: justify;\"><span style=\"font-family: helvetica; font-size: 12pt;\">O hor&aacute;rio da distribui&ccedil;&atilde;o na unidade do CENTRO n&atilde;o sofrer&aacute; altera&ccedil;&otilde;es, permanecendo das 16h30 &agrave;s 17h30.<\/span><\/p>\n","protected":false},"excerpt":{"rendered":"<p>A Administra&ccedil;&atilde;o do RU informa que, a partir desta sexta-feira, dia 09 de fevereiro, devido &agrave; escala de f&eacute;rias de seus colaboradores, a distribui&ccedil;&atilde;o ser&aacute; antecipada para o hor&aacute;rio das 13h30 &agrave;s 14h30. O prazo de agendamento permanece inalterado. Salientamos que nesta sexta -feira, a distribui&ccedil;&atilde;o ser&aacute; relativa a 05(cinco) dias, 15 refei&ccedil;&otilde;es. Na quarta-feira, [&hellip;]<\/p>\n","protected":false},"author":8,"featured_media":0,"comment_status":"closed","ping_status":"closed","sticky":false,"template":"","format":"standard","meta":{"footnotes":""},"categories":[1],"tags":[],"class_list":["post-184","post","type-post","status-publish","format-standard","hentry","category-noticias"],"acf":[],"_links":{"self":[{"href":"https:\/\/www.ufsm.br\/orgaos-suplementares\/ru\/wp-json\/wp\/v2\/posts\/184","targetHints":{"allow":["GET"]}}],"collection":[{"href":"https:\/\/www.ufsm.br\/orgaos-suplementares\/ru\/wp-json\/wp\/v2\/posts"}],"about":[{"href":"https:\/\/www.ufsm.br\/orgaos-suplementares\/ru\/wp-json\/wp\/v2\/types\/post"}],"author":[{"embeddable":true,"href":"https:\/\/www.ufsm.br\/orgaos-suplementares\/ru\/wp-json\/wp\/v2\/users\/8"}],"replies":[{"embeddable":true,"href":"https:\/\/www.ufsm.br\/orgaos-suplementares\/ru\/wp-json\/wp\/v2\/comments?post=184"}],"version-history":[{"count":0,"href":"https:\/\/www.ufsm.br\/orgaos-suplementares\/ru\/wp-json\/wp\/v2\/posts\/184\/revisions"}],"wp:attachment":[{"href":"https:\/\/www.ufsm.br\/orgaos-suplementares\/ru\/wp-json\/wp\/v2\/media?parent=184"}],"wp:term":[{"taxonomy":"category","embeddable":true,"href":"https:\/\/www.ufsm.br\/orgaos-suplementares\/ru\/wp-json\/wp\/v2\/categories?post=184"},{"taxonomy":"post_tag","embeddable":true,"href":"https:\/\/www.ufsm.br\/orgaos-suplementares\/ru\/wp-json\/wp\/v2\/tags?post=184"}],"curies":[{"name":"wp","href":"https:\/\/api.w.org\/{rel}","templated":true}]}}