{"id":194,"date":"2018-05-14T15:32:09","date_gmt":"2018-05-14T18:32:09","guid":{"rendered":"https:\/\/www.ufsm.br\/orgaos-suplementares\/ru\/2018\/05\/14\/mudanca-no-horario-de-retirada-da-distribuicao-no-ru-campus-i\/"},"modified":"2018-05-14T15:32:09","modified_gmt":"2018-05-14T18:32:09","slug":"mudanca-no-horario-de-retirada-da-distribuicao-no-ru-campus-i","status":"publish","type":"post","link":"https:\/\/www.ufsm.br\/orgaos-suplementares\/ru\/2018\/05\/14\/mudanca-no-horario-de-retirada-da-distribuicao-no-ru-campus-i","title":{"rendered":"Mudan\u00e7a no hor\u00e1rio de retirada da distribui\u00e7\u00e3o no RU Campus I"},"content":{"rendered":"<p><span style=\"font-size: 12pt;\">Informamos que, excepcionalmente nesta quarta-feira, dia 16\/05, o hor&aacute;rio de retirada da distribui&ccedil;&atilde;o no RU Campus I ser&aacute; das 15h30 at&eacute; as 17h00.<\/span><\/p>\n<p>&nbsp;<\/p>\n<p><span style=\"font-size: 12pt;\">No RU Centro o hor&aacute;rio permanece normal.<\/span><\/p>\n","protected":false},"excerpt":{"rendered":"<p>Informamos que, excepcionalmente nesta quarta-feira, dia 16\/05, o hor&aacute;rio de retirada da distribui&ccedil;&atilde;o no RU Campus I ser&aacute; das 15h30 at&eacute; as 17h00. &nbsp; No RU Centro o hor&aacute;rio permanece normal.<\/p>\n","protected":false},"author":8,"featured_media":0,"comment_status":"closed","ping_status":"closed","sticky":false,"template":"","format":"standard","meta":{"footnotes":""},"categories":[1],"tags":[],"class_list":["post-194","post","type-post","status-publish","format-standard","hentry","category-noticias"],"acf":[],"_links":{"self":[{"href":"https:\/\/www.ufsm.br\/orgaos-suplementares\/ru\/wp-json\/wp\/v2\/posts\/194","targetHints":{"allow":["GET"]}}],"collection":[{"href":"https:\/\/www.ufsm.br\/orgaos-suplementares\/ru\/wp-json\/wp\/v2\/posts"}],"about":[{"href":"https:\/\/www.ufsm.br\/orgaos-suplementares\/ru\/wp-json\/wp\/v2\/types\/post"}],"author":[{"embeddable":true,"href":"https:\/\/www.ufsm.br\/orgaos-suplementares\/ru\/wp-json\/wp\/v2\/users\/8"}],"replies":[{"embeddable":true,"href":"https:\/\/www.ufsm.br\/orgaos-suplementares\/ru\/wp-json\/wp\/v2\/comments?post=194"}],"version-history":[{"count":0,"href":"https:\/\/www.ufsm.br\/orgaos-suplementares\/ru\/wp-json\/wp\/v2\/posts\/194\/revisions"}],"wp:attachment":[{"href":"https:\/\/www.ufsm.br\/orgaos-suplementares\/ru\/wp-json\/wp\/v2\/media?parent=194"}],"wp:term":[{"taxonomy":"category","embeddable":true,"href":"https:\/\/www.ufsm.br\/orgaos-suplementares\/ru\/wp-json\/wp\/v2\/categories?post=194"},{"taxonomy":"post_tag","embeddable":true,"href":"https:\/\/www.ufsm.br\/orgaos-suplementares\/ru\/wp-json\/wp\/v2\/tags?post=194"}],"curies":[{"name":"wp","href":"https:\/\/api.w.org\/{rel}","templated":true}]}}