{"id":204,"date":"2018-06-18T14:09:27","date_gmt":"2018-06-18T17:09:27","guid":{"rendered":"https:\/\/www.ufsm.br\/orgaos-suplementares\/ru\/2018\/06\/18\/ru-nao-servira-refeicoes-dia-22-de-junho\/"},"modified":"2018-06-18T14:09:27","modified_gmt":"2018-06-18T17:09:27","slug":"ru-nao-servira-refeicoes-dia-22-de-junho","status":"publish","type":"post","link":"https:\/\/www.ufsm.br\/orgaos-suplementares\/ru\/2018\/06\/18\/ru-nao-servira-refeicoes-dia-22-de-junho","title":{"rendered":"RU n\u00e3o servir\u00e1 refei\u00e7\u00f5es dia 22 de junho"},"content":{"rendered":"<p style=\"text-align: justify;\"><span style=\"font-family: helvetica; font-size: 12pt;\">Considerando o hor&aacute;rio de expediente externo reduzido nos dias dos jogos da Sele&ccedil;&atilde;o Brasileira, disposto na Portaria N.143 do MPDG e na Ordem de Servi&ccedil;o N.01 do Gabinete do Reitor, bem como a suspens&atilde;o das aulas e demais atividades acad&ecirc;micas, informamos que nesta sexta-feira, dia 22 de junho, n&atilde;o serviremos refei&ccedil;&otilde;es e ser&aacute; realizada distribui&ccedil;&atilde;o para moradores das casas de estudante, com BSE ativo.<\/span><\/p>\n<p style=\"text-align: justify;\"><span style=\"font-family: helvetica; font-size: 12pt;\">O agendamento da distribui&ccedil;&atilde;o dever&aacute; ser efetuado at&eacute; &agrave;s 12 horas de ter&ccedil;a-feira, dia 19.<\/span><\/p>\n<p style=\"text-align: justify;\"><span style=\"font-family: helvetica; font-size: 12pt;\">Hor&aacute;rio de retirada, no dia 21\/06, quinta-feira:<\/span><\/p>\n<p style=\"text-align: justify;\"><span style=\"font-family: helvetica; font-size: 12pt;\">RU Campus: Das 15h30 &agrave;s 16h30.<\/span><\/p>\n<p style=\"text-align: justify;\"><span style=\"font-family: helvetica; font-size: 12pt;\">RU Centro: Das 16h30 &agrave;s 17h30.<\/span><\/p>\n<p style=\"text-align: justify;\"><span style=\"font-family: helvetica; font-size: 12pt;\">Problemas com agendamento, contatar a secretaria do RU, dentro do prazo.<\/span><\/p>\n<p><span style=\"font-family: helvetica; font-size: 12pt;\">Acesse a not&iacute;cia:<\/span><\/p>\n<p><span style=\"font-family: helvetica; font-size: 12pt;\"><a href=\"http:\/\/site.ufsm.br\/noticias\/exibir\/ufsm-tera-horarios-especiais-em-dias-de-jogos-do-b\">http:\/\/site.ufsm.br\/noticias\/exibir\/ufsm-tera-horarios-especiais-em-dias-de-jogos-do-b<\/a><\/span><\/p>\n","protected":false},"excerpt":{"rendered":"<p>Considerando o hor&aacute;rio de expediente externo reduzido nos dias dos jogos da Sele&ccedil;&atilde;o Brasileira, disposto na Portaria N.143 do MPDG e na Ordem de Servi&ccedil;o N.01 do Gabinete do Reitor, bem como a suspens&atilde;o das aulas e demais atividades acad&ecirc;micas, informamos que nesta sexta-feira, dia 22 de junho, n&atilde;o serviremos refei&ccedil;&otilde;es e ser&aacute; realizada distribui&ccedil;&atilde;o [&hellip;]<\/p>\n","protected":false},"author":8,"featured_media":0,"comment_status":"closed","ping_status":"closed","sticky":false,"template":"","format":"standard","meta":{"footnotes":""},"categories":[1],"tags":[],"class_list":["post-204","post","type-post","status-publish","format-standard","hentry","category-noticias"],"acf":[],"_links":{"self":[{"href":"https:\/\/www.ufsm.br\/orgaos-suplementares\/ru\/wp-json\/wp\/v2\/posts\/204","targetHints":{"allow":["GET"]}}],"collection":[{"href":"https:\/\/www.ufsm.br\/orgaos-suplementares\/ru\/wp-json\/wp\/v2\/posts"}],"about":[{"href":"https:\/\/www.ufsm.br\/orgaos-suplementares\/ru\/wp-json\/wp\/v2\/types\/post"}],"author":[{"embeddable":true,"href":"https:\/\/www.ufsm.br\/orgaos-suplementares\/ru\/wp-json\/wp\/v2\/users\/8"}],"replies":[{"embeddable":true,"href":"https:\/\/www.ufsm.br\/orgaos-suplementares\/ru\/wp-json\/wp\/v2\/comments?post=204"}],"version-history":[{"count":0,"href":"https:\/\/www.ufsm.br\/orgaos-suplementares\/ru\/wp-json\/wp\/v2\/posts\/204\/revisions"}],"wp:attachment":[{"href":"https:\/\/www.ufsm.br\/orgaos-suplementares\/ru\/wp-json\/wp\/v2\/media?parent=204"}],"wp:term":[{"taxonomy":"category","embeddable":true,"href":"https:\/\/www.ufsm.br\/orgaos-suplementares\/ru\/wp-json\/wp\/v2\/categories?post=204"},{"taxonomy":"post_tag","embeddable":true,"href":"https:\/\/www.ufsm.br\/orgaos-suplementares\/ru\/wp-json\/wp\/v2\/tags?post=204"}],"curies":[{"name":"wp","href":"https:\/\/api.w.org\/{rel}","templated":true}]}}