{"id":23,"date":"2015-04-16T12:15:36","date_gmt":"2015-04-16T15:15:36","guid":{"rendered":"https:\/\/www.ufsm.br\/orgaos-suplementares\/ru\/2015\/04\/16\/ru-solicita-o-agendamento-das-refeicoes-nesta-segunda-feira\/"},"modified":"2015-04-16T12:15:36","modified_gmt":"2015-04-16T15:15:36","slug":"ru-solicita-o-agendamento-das-refeicoes-nesta-segunda-feira","status":"publish","type":"post","link":"https:\/\/www.ufsm.br\/orgaos-suplementares\/ru\/2015\/04\/16\/ru-solicita-o-agendamento-das-refeicoes-nesta-segunda-feira","title":{"rendered":"RU solicita o agendamento das refei\u00e7\u00f5es nesta segunda-feira"},"content":{"rendered":"<p style=\"text-align: justify;\"><span style=\"font-family: helvetica; font-size: 12pt;\">Devido ao feriado de Tiradentes (21), a dire\u00e7\u00e3o do Restaurante Universit\u00e1rio (RU), excepcionalmente, solicita a todos os usu\u00e1rios (alunos, servidores t\u00e9cnico-administrativos e docentes) o agendamento das refei\u00e7\u00f5es (caf\u00e9 da manh\u00e3, almo\u00e7o e jantar), nesta segunda-feira (20). <\/span><br \/><span style=\"font-family: helvetica; font-size: 12pt;\"><\/span><\/p>\n<p style=\"text-align: justify;\"><span style=\"font-family: helvetica; font-size: 12pt;\">Com a ocorr\u00eancia do feriado, h\u00e1 uma varia\u00e7\u00e3o na quantidade de refei\u00e7\u00f5es previstas, portanto a dire\u00e7\u00e3o pede a compreens\u00e3o dos usu\u00e1rios do RU para que se possa ter uma ideia aproximada do n\u00famero de refei\u00e7\u00f5es a serem servidas.<\/span><br \/><span style=\"font-family: helvetica; font-size: 12pt;\"><\/span><\/p>\n<p style=\"text-align: justify;\"><span style=\"font-family: helvetica; font-size: 12pt;\">A dire\u00e7\u00e3o informa ainda, que o Refeit\u00f3rio 2, no campus de Santa Maria, estar\u00e1 fechado nesta segunda-feira (20). Os usu\u00e1rios que normalmente almo\u00e7am neste refeit\u00f3rio devem deslocar-se \u00e0 unidade principal do RU, localizado no pr\u00e9dio da uni\u00e3o universit\u00e1ria.<\/span><br \/><span style=\"font-family: helvetica; font-size: 12pt;\"><\/span><\/p>\n<p style=\"text-align: justify;\"><span style=\"font-family: helvetica; font-size: 12pt;\">Mais informa\u00e7\u00f5es na secretaria do RU ou pelo telefone (55) 3220-8405.<\/span><\/p>\n","protected":false},"excerpt":{"rendered":"<p>Devido ao feriado de Tiradentes (21), a dire\u00e7\u00e3o do Restaurante Universit\u00e1rio (RU), excepcionalmente, solicita a todos os usu\u00e1rios (alunos, servidores t\u00e9cnico-administrativos e docentes) o agendamento das refei\u00e7\u00f5es (caf\u00e9 da manh\u00e3, almo\u00e7o e jantar), nesta segunda-feira (20). Com a ocorr\u00eancia do feriado, h\u00e1 uma varia\u00e7\u00e3o na quantidade de refei\u00e7\u00f5es previstas, portanto a dire\u00e7\u00e3o pede a compreens\u00e3o [&hellip;]<\/p>\n","protected":false},"author":8,"featured_media":0,"comment_status":"closed","ping_status":"closed","sticky":false,"template":"","format":"standard","meta":{"footnotes":""},"categories":[1],"tags":[],"class_list":["post-23","post","type-post","status-publish","format-standard","hentry","category-noticias"],"acf":[],"_links":{"self":[{"href":"https:\/\/www.ufsm.br\/orgaos-suplementares\/ru\/wp-json\/wp\/v2\/posts\/23","targetHints":{"allow":["GET"]}}],"collection":[{"href":"https:\/\/www.ufsm.br\/orgaos-suplementares\/ru\/wp-json\/wp\/v2\/posts"}],"about":[{"href":"https:\/\/www.ufsm.br\/orgaos-suplementares\/ru\/wp-json\/wp\/v2\/types\/post"}],"author":[{"embeddable":true,"href":"https:\/\/www.ufsm.br\/orgaos-suplementares\/ru\/wp-json\/wp\/v2\/users\/8"}],"replies":[{"embeddable":true,"href":"https:\/\/www.ufsm.br\/orgaos-suplementares\/ru\/wp-json\/wp\/v2\/comments?post=23"}],"version-history":[{"count":0,"href":"https:\/\/www.ufsm.br\/orgaos-suplementares\/ru\/wp-json\/wp\/v2\/posts\/23\/revisions"}],"wp:attachment":[{"href":"https:\/\/www.ufsm.br\/orgaos-suplementares\/ru\/wp-json\/wp\/v2\/media?parent=23"}],"wp:term":[{"taxonomy":"category","embeddable":true,"href":"https:\/\/www.ufsm.br\/orgaos-suplementares\/ru\/wp-json\/wp\/v2\/categories?post=23"},{"taxonomy":"post_tag","embeddable":true,"href":"https:\/\/www.ufsm.br\/orgaos-suplementares\/ru\/wp-json\/wp\/v2\/tags?post=23"}],"curies":[{"name":"wp","href":"https:\/\/api.w.org\/{rel}","templated":true}]}}