{"id":24,"date":"2015-04-17T11:52:11","date_gmt":"2015-04-17T14:52:11","guid":{"rendered":"https:\/\/www.ufsm.br\/orgaos-suplementares\/ru\/2015\/04\/17\/ru-nao-servira-refeicoes-nesta-segunda-feira\/"},"modified":"2015-04-17T11:52:11","modified_gmt":"2015-04-17T14:52:11","slug":"ru-nao-servira-refeicoes-nesta-segunda-feira","status":"publish","type":"post","link":"https:\/\/www.ufsm.br\/orgaos-suplementares\/ru\/2015\/04\/17\/ru-nao-servira-refeicoes-nesta-segunda-feira","title":{"rendered":"RU n\u00e3o servir\u00e1 refei\u00e7\u00f5es nesta segunda-feira"},"content":{"rendered":"<p style=\"text-align: justify;\"><span style=\"font-family: helvetica; font-size: 12pt;\">Em raz\u00e3o da decis\u00e3o tomada em reuni\u00e3o do CEPE, nesta manh\u00e3 (17), de que dia 20\/04 (segunda) ser\u00e1 dia n\u00e3o letivo na UFSM, o RU n\u00e3o servir\u00e1 refei\u00e7\u00f5es nesta data.<\/span><br \/><span style=\"font-family: helvetica; font-size: 12pt;\"><\/span><\/p>\n<p style=\"text-align: justify;\"><span style=\"font-family: helvetica; font-size: 12pt;\">A distribui\u00e7\u00e3o marcada para segunda-feira ser\u00e1 mantida, com modifica\u00e7\u00e3o de hor\u00e1rio, para das 11h \u00e0s 12h (campus e centro).<\/span><br \/><span style=\"font-family: helvetica; font-size: 12pt;\"><\/span><\/p>\n<p style=\"text-align: justify;\"><span style=\"font-family: helvetica; font-size: 12pt;\">Mais informa\u00e7\u00f5es na secretaria do RU ou pelo telefone (55) 3220-8405.<\/span><\/p>\n","protected":false},"excerpt":{"rendered":"<p>Em raz\u00e3o da decis\u00e3o tomada em reuni\u00e3o do CEPE, nesta manh\u00e3 (17), de que dia 20\/04 (segunda) ser\u00e1 dia n\u00e3o letivo na UFSM, o RU n\u00e3o servir\u00e1 refei\u00e7\u00f5es nesta data. A distribui\u00e7\u00e3o marcada para segunda-feira ser\u00e1 mantida, com modifica\u00e7\u00e3o de hor\u00e1rio, para das 11h \u00e0s 12h (campus e centro). Mais informa\u00e7\u00f5es na secretaria do RU [&hellip;]<\/p>\n","protected":false},"author":8,"featured_media":0,"comment_status":"closed","ping_status":"closed","sticky":false,"template":"","format":"standard","meta":{"footnotes":""},"categories":[1],"tags":[],"class_list":["post-24","post","type-post","status-publish","format-standard","hentry","category-noticias"],"acf":[],"_links":{"self":[{"href":"https:\/\/www.ufsm.br\/orgaos-suplementares\/ru\/wp-json\/wp\/v2\/posts\/24","targetHints":{"allow":["GET"]}}],"collection":[{"href":"https:\/\/www.ufsm.br\/orgaos-suplementares\/ru\/wp-json\/wp\/v2\/posts"}],"about":[{"href":"https:\/\/www.ufsm.br\/orgaos-suplementares\/ru\/wp-json\/wp\/v2\/types\/post"}],"author":[{"embeddable":true,"href":"https:\/\/www.ufsm.br\/orgaos-suplementares\/ru\/wp-json\/wp\/v2\/users\/8"}],"replies":[{"embeddable":true,"href":"https:\/\/www.ufsm.br\/orgaos-suplementares\/ru\/wp-json\/wp\/v2\/comments?post=24"}],"version-history":[{"count":0,"href":"https:\/\/www.ufsm.br\/orgaos-suplementares\/ru\/wp-json\/wp\/v2\/posts\/24\/revisions"}],"wp:attachment":[{"href":"https:\/\/www.ufsm.br\/orgaos-suplementares\/ru\/wp-json\/wp\/v2\/media?parent=24"}],"wp:term":[{"taxonomy":"category","embeddable":true,"href":"https:\/\/www.ufsm.br\/orgaos-suplementares\/ru\/wp-json\/wp\/v2\/categories?post=24"},{"taxonomy":"post_tag","embeddable":true,"href":"https:\/\/www.ufsm.br\/orgaos-suplementares\/ru\/wp-json\/wp\/v2\/tags?post=24"}],"curies":[{"name":"wp","href":"https:\/\/api.w.org\/{rel}","templated":true}]}}